{"id":1035,"date":"2014-12-15T10:27:57","date_gmt":"2014-12-15T10:27:57","guid":{"rendered":"http:\/\/www.forumeudebatt.se\/?p=1035"},"modified":"2014-12-15T12:22:24","modified_gmt":"2014-12-15T12:22:24","slug":"sverige-och-eus-bankunion","status":"publish","type":"post","link":"https:\/\/www.forumeudebatt.se\/?p=1035","title":{"rendered":"Sverige och EUs bankunion"},"content":{"rendered":"<p style=\"text-align: center;\"><a href=\"http:\/\/www.forumeudebatt.se\/content\/uploads\/2014\/12\/Bankunionen-10-dec-141.jpg\"><img decoding=\"async\" loading=\"lazy\" class=\"aligncenter  wp-image-1044\" alt=\"Bankunionen 10 dec -14\" src=\"http:\/\/www.forumeudebatt.se\/content\/uploads\/2014\/12\/Bankunionen-10-dec-141-1024x574.jpg\" width=\"717\" height=\"402\" srcset=\"https:\/\/www.forumeudebatt.se\/wp-content\/uploads\/2014\/12\/Bankunionen-10-dec-141-1024x574.jpg 1024w, https:\/\/www.forumeudebatt.se\/wp-content\/uploads\/2014\/12\/Bankunionen-10-dec-141-300x168.jpg 300w\" sizes=\"(max-width: 717px) 100vw, 717px\" \/><\/a><\/p>\n<p style=\"text-align: center;\">\u00a0Johanna Lybeck Lilja, Ola Pettersson, Tomas \u00d6stros och Ulf Holm.<\/p>\n<p>\u00a0F\u00f6r att se videon &#8211;\u00a0<strong><a href=\"https:\/\/www.youtube.com\/watch?v=RZqFJ-mTmoc&amp;feature=youtu.be\" target=\"_blank\">klicka h\u00e4r<\/a><\/strong><\/p>\n<p>Johanna Lybeck Liljas (power point) presentation fr\u00e5n seminariet finns tillg\u00e4nglig\u00a0<strong><a href=\"http:\/\/www.forumeudebatt.se\/content\/uploads\/2014\/12\/JLL-BU-Forum-f%C3%B6r-EU-debatt-10-dec-2014.pdf\" target=\"_blank\">h\u00e4r<\/a><\/strong>\u00a0som pdf-fil.<\/p>\n<p>Webbtidningen Europaportalen bevakade seminariet och portalens artikel kan l\u00e4sas<strong><a href=\"http:\/\/www.europaportalen.se\/2014\/12\/svensk-konsensus-ingen-bankunion-i-dag-tack\" target=\"_blank\"> h\u00e4r<\/a><\/strong>.<\/p>\n<p>&nbsp;<\/p>\n<p>Programmet f\u00f6r seminariet, som det annonserade p\u00e5 v\u00e5r hemsida, d\u00e4r ocks\u00e5 deltagande talare och kommentatorer presenteras \u00e4r tillg\u00e4nglig\u00a0<strong><a href=\"http:\/\/www.forumeudebatt.se\/?p=1019\" target=\"_blank\">h\u00e4r<\/a><\/strong>.<\/p>\n<p>&nbsp;<\/p>\n<p>&nbsp;<\/p>\n<p>&nbsp;<\/p>\n","protected":false},"excerpt":{"rendered":"<p>Videon fr\u00e5n v\u00e5rt seminarium om europeiska bankunionen den 10 december, Kungliga myntkabinettet, Stockholm, finns nu tillg\u00e4nglig p\u00e5 YouTube.<\/p>\n<p>Bankunionens konstruktion och syfte, f\u00f6r- och nackdelar samt huruvida Sverige skall ing\u00e5 eller inte i denna union analyserades och diskuterades p\u00e5 seminariet av tidigare statssekreterare Johanna Lybeck Lilja, statssekreterare Ulf Holm, vd f\u00f6r Bankf\u00f6reningen Tomas \u00d6stros och LOs chefsekonom Ola Pettersson. Moderator var Forum f\u00f6r EU-debatts ordf\u00f6rande Michael Sohlman.<\/p>\n","protected":false},"author":1,"featured_media":995,"comment_status":"open","ping_status":"open","sticky":false,"template":"","format":"standard","meta":{"_mi_skip_tracking":false},"categories":[1],"tags":[],"_links":{"self":[{"href":"https:\/\/www.forumeudebatt.se\/index.php?rest_route=\/wp\/v2\/posts\/1035"}],"collection":[{"href":"https:\/\/www.forumeudebatt.se\/index.php?rest_route=\/wp\/v2\/posts"}],"about":[{"href":"https:\/\/www.forumeudebatt.se\/index.php?rest_route=\/wp\/v2\/types\/post"}],"author":[{"embeddable":true,"href":"https:\/\/www.forumeudebatt.se\/index.php?rest_route=\/wp\/v2\/users\/1"}],"replies":[{"embeddable":true,"href":"https:\/\/www.forumeudebatt.se\/index.php?rest_route=%2Fwp%2Fv2%2Fcomments&post=1035"}],"version-history":[{"count":12,"href":"https:\/\/www.forumeudebatt.se\/index.php?rest_route=\/wp\/v2\/posts\/1035\/revisions"}],"predecessor-version":[{"id":1037,"href":"https:\/\/www.forumeudebatt.se\/index.php?rest_route=\/wp\/v2\/posts\/1035\/revisions\/1037"}],"wp:featuredmedia":[{"embeddable":true,"href":"https:\/\/www.forumeudebatt.se\/index.php?rest_route=\/wp\/v2\/media\/995"}],"wp:attachment":[{"href":"https:\/\/www.forumeudebatt.se\/index.php?rest_route=%2Fwp%2Fv2%2Fmedia&parent=1035"}],"wp:term":[{"taxonomy":"category","embeddable":true,"href":"https:\/\/www.forumeudebatt.se\/index.php?rest_route=%2Fwp%2Fv2%2Fcategories&post=1035"},{"taxonomy":"post_tag","embeddable":true,"href":"https:\/\/www.forumeudebatt.se\/index.php?rest_route=%2Fwp%2Fv2%2Ftags&post=1035"}],"curies":[{"name":"wp","href":"https:\/\/api.w.org\/{rel}","templated":true}]}}