{"id":1203,"date":"2016-02-14T19:57:17","date_gmt":"2016-02-14T19:57:17","guid":{"rendered":"http:\/\/www.forumeudebatt.se\/?p=1203"},"modified":"2016-10-21T10:13:05","modified_gmt":"2016-10-21T10:13:05","slug":"eu-viewed-from-london-and-berlin-ii","status":"publish","type":"post","link":"https:\/\/www.forumeudebatt.se\/?p=1203","title":{"rendered":"EU viewed from London and Berlin"},"content":{"rendered":"<p><a href=\"http:\/\/www.forumeudebatt.se\/content\/uploads\/2016\/02\/11-feb-2016.jpg\"><img decoding=\"async\" loading=\"lazy\" class=\"alignleft  wp-image-1202\" src=\"http:\/\/www.forumeudebatt.se\/content\/uploads\/2016\/02\/11-feb-2016-300x164.jpg\" alt=\"11 feb 2016\" width=\"369\" height=\"202\" srcset=\"https:\/\/www.forumeudebatt.se\/wp-content\/uploads\/2016\/02\/11-feb-2016-300x164.jpg 300w, https:\/\/www.forumeudebatt.se\/wp-content\/uploads\/2016\/02\/11-feb-2016-1024x560.jpg 1024w\" sizes=\"(max-width: 369px) 100vw, 369px\" \/><\/a>Fr\u00e5n v\u00e5rt seminarium den 11 februari d\u00e4r EU-krisen diskuteras och analyserades utifr\u00e5n ett engelskt och tyskt politiskt perspektiv av Maria Borelius, Michael Wohlgemuth och Carl Tham. Tillg\u00e4nglig \u00e4r \u00e4ven Michael Wohlgemuths <a href=\"http:\/\/www.forumeudebatt.se\/content\/uploads\/2016\/02\/Michael-W-11-feb-2016.pdf\" target=\"_blank\">Power Point presentation tillg\u00e4nglig<\/a>.<\/p>\n<p>Maria Borelius medverkade s\u00f6ndagen 14 januari i radioprogrammet Radiokorrespondenterna och diskuterade d\u00e4r fr\u00e5gan om Brexit tillsammans med Sveriges ambassad\u00f6r i Storbritannien Nicola Clase. <a href=\"http:\/\/sverigesradio.se\/sida\/avsnitt?programid=2946\" target=\"_blank\">L\u00e4nk till programmet<\/a>.<\/p>\n<p>&nbsp;<\/p>\n","protected":false},"excerpt":{"rendered":"<p>Fr\u00e5n v\u00e5rt seminarium den 11 februari d\u00e4r EU-krisen diskuterades och analyserades utifr\u00e5n ett engelskt och tyskt politiskt perspektiv av Maria Borelius, Michael Wohlgemuth och Carl Tham. Tiig\u00e4nglig \u00e4r \u00e4ven Michael Wohlgemuths Power Point presentation. <\/p>\n<p>Det finns \u00e4ven en l\u00e4nk till radioprogrammet Radiokorrespondenterna s\u00f6ndagen 14 januari d\u00e4r Maria Borelius medverkade och diskuterade fr\u00e5gan om Brexit tillsammans med Sveriges ambassad\u00f6r i Storbritannien Nicola Clase. <\/p>\n","protected":false},"author":1,"featured_media":1202,"comment_status":"open","ping_status":"open","sticky":false,"template":"","format":"standard","meta":{"_mi_skip_tracking":false},"categories":[1],"tags":[],"_links":{"self":[{"href":"https:\/\/www.forumeudebatt.se\/index.php?rest_route=\/wp\/v2\/posts\/1203"}],"collection":[{"href":"https:\/\/www.forumeudebatt.se\/index.php?rest_route=\/wp\/v2\/posts"}],"about":[{"href":"https:\/\/www.forumeudebatt.se\/index.php?rest_route=\/wp\/v2\/types\/post"}],"author":[{"embeddable":true,"href":"https:\/\/www.forumeudebatt.se\/index.php?rest_route=\/wp\/v2\/users\/1"}],"replies":[{"embeddable":true,"href":"https:\/\/www.forumeudebatt.se\/index.php?rest_route=%2Fwp%2Fv2%2Fcomments&post=1203"}],"version-history":[{"count":16,"href":"https:\/\/www.forumeudebatt.se\/index.php?rest_route=\/wp\/v2\/posts\/1203\/revisions"}],"predecessor-version":[{"id":1241,"href":"https:\/\/www.forumeudebatt.se\/index.php?rest_route=\/wp\/v2\/posts\/1203\/revisions\/1241"}],"wp:featuredmedia":[{"embeddable":true,"href":"https:\/\/www.forumeudebatt.se\/index.php?rest_route=\/wp\/v2\/media\/1202"}],"wp:attachment":[{"href":"https:\/\/www.forumeudebatt.se\/index.php?rest_route=%2Fwp%2Fv2%2Fmedia&parent=1203"}],"wp:term":[{"taxonomy":"category","embeddable":true,"href":"https:\/\/www.forumeudebatt.se\/index.php?rest_route=%2Fwp%2Fv2%2Fcategories&post=1203"},{"taxonomy":"post_tag","embeddable":true,"href":"https:\/\/www.forumeudebatt.se\/index.php?rest_route=%2Fwp%2Fv2%2Ftags&post=1203"}],"curies":[{"name":"wp","href":"https:\/\/api.w.org\/{rel}","templated":true}]}}