{"id":121,"date":"2013-04-21T06:30:42","date_gmt":"2013-04-21T06:30:42","guid":{"rendered":"http:\/\/www.forumeudebatt.se\/?p=121"},"modified":"2014-02-18T10:46:57","modified_gmt":"2014-02-18T10:46:57","slug":"eus-subsidiaritetsprincip-ett-tomt-lofte","status":"publish","type":"post","link":"https:\/\/www.forumeudebatt.se\/?p=121","title":{"rendered":"EU:s subsidiaritetsprincip \u2013 ett tomt l\u00f6fte"},"content":{"rendered":"<p>Detta \u00e4r tankesmedjans f\u00f6rsta rapport och kommer att diskuteras av <strong>Peter Eriksson<\/strong>, MP, <strong>Allan Widman<\/strong>, FP och <strong>Joakim Nergelius<\/strong>, professor i r\u00e4ttsvetenskap vid \u00d6rebro universitet, under ledning av<strong> Michael Sohlman<\/strong>.<\/p>\n<p>En opinionsm\u00e4tning kommer ocks\u00e5 att presenteras under seminariet.<\/p>\n<p>&nbsp;<\/p>\n<p>L\u00e4s Anne-Maries debattartikel i <a href=\"http:\/\/www.sydsvenskan.se\/opinion\/aktuella-fragor\/det-ar-svart-att-tro-att-avsikten-verkligen-var-att-starka-de-nationella-parlam\/\" target=\"_blank\">Sydsvenska Dagbladet<\/a>.<\/p>\n<p>&nbsp;<\/p>\n<p>Skicka din anm\u00e4lan med ett mail till: info@forumeudebatt.se<\/p>\n","protected":false},"excerpt":{"rendered":"<p>Anne-Marie P\u00e5lsson presenterar sin rapport med denna titel p\u00e5 ett seminarium tisdagen den 23 april 2013, kl. 14.00 \u2013 16.00 p\u00e5 Klara konferens, Vattugatan 6 i Stockholm.<\/p>\n","protected":false},"author":1,"featured_media":85,"comment_status":"open","ping_status":"open","sticky":false,"template":"","format":"standard","meta":{"_mi_skip_tracking":false},"categories":[1],"tags":[],"_links":{"self":[{"href":"https:\/\/www.forumeudebatt.se\/index.php?rest_route=\/wp\/v2\/posts\/121"}],"collection":[{"href":"https:\/\/www.forumeudebatt.se\/index.php?rest_route=\/wp\/v2\/posts"}],"about":[{"href":"https:\/\/www.forumeudebatt.se\/index.php?rest_route=\/wp\/v2\/types\/post"}],"author":[{"embeddable":true,"href":"https:\/\/www.forumeudebatt.se\/index.php?rest_route=\/wp\/v2\/users\/1"}],"replies":[{"embeddable":true,"href":"https:\/\/www.forumeudebatt.se\/index.php?rest_route=%2Fwp%2Fv2%2Fcomments&post=121"}],"version-history":[{"count":8,"href":"https:\/\/www.forumeudebatt.se\/index.php?rest_route=\/wp\/v2\/posts\/121\/revisions"}],"predecessor-version":[{"id":616,"href":"https:\/\/www.forumeudebatt.se\/index.php?rest_route=\/wp\/v2\/posts\/121\/revisions\/616"}],"wp:featuredmedia":[{"embeddable":true,"href":"https:\/\/www.forumeudebatt.se\/index.php?rest_route=\/wp\/v2\/media\/85"}],"wp:attachment":[{"href":"https:\/\/www.forumeudebatt.se\/index.php?rest_route=%2Fwp%2Fv2%2Fmedia&parent=121"}],"wp:term":[{"taxonomy":"category","embeddable":true,"href":"https:\/\/www.forumeudebatt.se\/index.php?rest_route=%2Fwp%2Fv2%2Fcategories&post=121"},{"taxonomy":"post_tag","embeddable":true,"href":"https:\/\/www.forumeudebatt.se\/index.php?rest_route=%2Fwp%2Fv2%2Ftags&post=121"}],"curies":[{"name":"wp","href":"https:\/\/api.w.org\/{rel}","templated":true}]}}