{"id":1274,"date":"2017-07-08T18:49:18","date_gmt":"2017-07-08T18:49:18","guid":{"rendered":"http:\/\/www.forumeudebatt.se\/?p=1274"},"modified":"2018-01-15T10:47:12","modified_gmt":"2018-01-15T10:47:12","slug":"sverige-och-eus-framtid","status":"publish","type":"post","link":"https:\/\/www.forumeudebatt.se\/?p=1274","title":{"rendered":"Sverige och EUs framtid"},"content":{"rendered":"<p>EU st\u00e5r inf\u00f6r ett viktigt v\u00e4gval. Ska man forts\u00e4tta att g\u00e5 mot ytterligare \u00f6verstatliga l\u00f6sningar eller tv\u00e4rtom \u00e5terg\u00e5 till att bli en union som sysslar enbart med den inre marknaden?<\/p>\n<p>Sverige \u00e4r helt tyst i den debatten. Och vi b\u00f6r f\u00f6r v\u00e5r del v\u00e4lja att tillh\u00f6ra en yttre krets, anser Birgitta Swedenborg och Nils Lundgren.<\/p>\n<p>F\u00f6r att l\u00e4sa artikeln, <strong><a href=\"http:\/\/www.di.se\/opinion\/swedenborg-och-lundgren-darfor-bor-sverige-avsta-fran-en-fordjupning-av-eu\/\" target=\"_blank\">klicka h\u00e4r<\/a><\/strong><\/p>\n<p>&nbsp;<\/p>\n<p>&nbsp;<\/p>\n<p>&nbsp;<\/p>\n","protected":false},"excerpt":{"rendered":"<p>EU st\u00e5r inf\u00f6r ett viktigt v\u00e4gval. Ska man forts\u00e4tta att g\u00e5 mot ytterligare \u00f6verstatliga l\u00f6sningar eller tv\u00e4rtom \u00e5terg\u00e5 till att bli en union som sysslar enbart med den inre marknaden? Birgitta Swedenborg och Nils Lundgren ger sin syn p\u00e5 denna problematik i en debattartikel (170613) i DI.<\/p>\n","protected":false},"author":1,"featured_media":1273,"comment_status":"open","ping_status":"open","sticky":false,"template":"","format":"standard","meta":{"_mi_skip_tracking":false},"categories":[1],"tags":[],"_links":{"self":[{"href":"https:\/\/www.forumeudebatt.se\/index.php?rest_route=\/wp\/v2\/posts\/1274"}],"collection":[{"href":"https:\/\/www.forumeudebatt.se\/index.php?rest_route=\/wp\/v2\/posts"}],"about":[{"href":"https:\/\/www.forumeudebatt.se\/index.php?rest_route=\/wp\/v2\/types\/post"}],"author":[{"embeddable":true,"href":"https:\/\/www.forumeudebatt.se\/index.php?rest_route=\/wp\/v2\/users\/1"}],"replies":[{"embeddable":true,"href":"https:\/\/www.forumeudebatt.se\/index.php?rest_route=%2Fwp%2Fv2%2Fcomments&post=1274"}],"version-history":[{"count":6,"href":"https:\/\/www.forumeudebatt.se\/index.php?rest_route=\/wp\/v2\/posts\/1274\/revisions"}],"predecessor-version":[{"id":1302,"href":"https:\/\/www.forumeudebatt.se\/index.php?rest_route=\/wp\/v2\/posts\/1274\/revisions\/1302"}],"wp:featuredmedia":[{"embeddable":true,"href":"https:\/\/www.forumeudebatt.se\/index.php?rest_route=\/wp\/v2\/media\/1273"}],"wp:attachment":[{"href":"https:\/\/www.forumeudebatt.se\/index.php?rest_route=%2Fwp%2Fv2%2Fmedia&parent=1274"}],"wp:term":[{"taxonomy":"category","embeddable":true,"href":"https:\/\/www.forumeudebatt.se\/index.php?rest_route=%2Fwp%2Fv2%2Fcategories&post=1274"},{"taxonomy":"post_tag","embeddable":true,"href":"https:\/\/www.forumeudebatt.se\/index.php?rest_route=%2Fwp%2Fv2%2Ftags&post=1274"}],"curies":[{"name":"wp","href":"https:\/\/api.w.org\/{rel}","templated":true}]}}