{"id":1304,"date":"2018-03-08T16:38:48","date_gmt":"2018-03-08T16:38:48","guid":{"rendered":"http:\/\/www.forumeudebatt.se\/?p=1304"},"modified":"2018-03-16T09:22:41","modified_gmt":"2018-03-16T09:22:41","slug":"bankunionens-framtid-och-sverige","status":"publish","type":"post","link":"https:\/\/www.forumeudebatt.se\/?p=1304","title":{"rendered":"Bankunionens framtid och Sverige"},"content":{"rendered":"<p>Under mars m\u00e5nad tilltr\u00e4der Merkels nya koalitionsregering\u00a0 i Tyskland vilket kommer att inneb\u00e4ra att diskussionen om EUs f\u00e4rdriktning kommer aktualiseras.<\/p>\n<p>En mycket aktuell fr\u00e5ga \u00e4r hur det finansiella systemet och EUs bankunion skall utvecklas. Bankunionens syfte \u00e4r att utforma gemensamma spelregler f\u00f6r banksystemet och hur tillsynen av bankerna skall var utformad.<\/p>\n<p>Deltagande i bankunionen \u00e4r obligatoriskt f\u00f6r eurol\u00e4nderna och frivilligt f\u00f6r \u00f6vriga EU-l\u00e4nder. Huruvida Sverige skall s\u00f6ka medlemskap bankunionen har b\u00f6rjat diskuteras och en statlig utredning skall l\u00e4mna sitt bet\u00e4nkande h\u00f6sten 2019. Fr\u00e5gor kring bankunionen\u00a0 och Sveriges position och st\u00e4llningstagande i den fr\u00e5ga kommer att diskuteras p\u00e5 seminariet.<\/p>\n<p>I diskussionen deltar Hans Lindblad (Riksg\u00e4ldsdirekt\u00f6r), Pehr Wiss\u00e9n (Swedish House of Finance, Handelsh\u00f6gskolan) och J\u00f6rgen Appelgren (tidigare chefekonom Nordea).<\/p>\n<p>Artiklar och bakgrundsmaterial om bankunionen:\u00a0<a href=\"https:\/\/www.europaportalen.se\/tema\/bankunionen\" target=\"_blank\">Europaportalen<\/a>, <a href=\"https:\/\/www.di.se\/debatt\/pehr-wissen-sverige-maste-valja-vag-i-europasamarbetet\/\" target=\"_blank\">Pehr Wiss\u00e9ns artikel i DI<\/a>, <a href=\"https:\/\/www.di.se\/debatt\/fragan-om-bankunionen-handlar-om-inflytande\/\" target=\"_blank\">P\u00e4r Holmb\u00e4cks artikel i DI<\/a>, <a href=\"https:\/\/nationalekonomi.se\/sites\/default\/files\/NEFfiler\/45-6-ph.pdf\" target=\"_blank\">P\u00e4r Holmb\u00e4ck artikel i Ekonomisk Debatt<\/a>,\u00a0<a href=\"https:\/\/www.riksbank.se\/globalassets\/media\/rapporter\/ekonomiska-kommentarer\/svenska\/2017\/rap_ek_kom_nr5_20171109_sve.pdf?_t_id=1B2M2Y8AsgTpgAmY7PhCfg%3d%3d&amp;_t_q=bankunionen&amp;_t_tags=language%3asv%2csiteid%3af3366ed3-598f-4166-aa5a-45d5751e940b&amp;_t_ip=155.4.103.221&amp;_t_hit.id=Riksbanken_Core_Models_Media_DocumentFile\/_e177134a-6e43-4639-887e-9b8900c0595c&amp;_t_hit.pos=2\" target=\"_blank\">Sveriges Riksbank<\/a>, <a href=\"https:\/\/www.dn.se\/ledare\/kolumner\/lars-calmfors-sikta-pa-bankunionen-pa-sikt\/\" target=\"_blank\">Lars Calmfors kr\u00f6nika i DN<\/a><\/p>\n<p>Seminariet arrangeras av ABF, Arena Id\u00e9 och Forum f\u00f6r EU-debatt.<\/p>\n<p><strong>V\u00e4lkomna!<\/strong><\/p>\n<p>Skicka g\u00e4rna ett mail till\u00a0<a href=\"mailto:info@forumeudebatt.se\">info@forumeudebatt.se<\/a>\u00a0om du \u00e4r intresserad att komma till ABF-huset den 21 mars.<\/p>\n<p>&nbsp;<\/p>\n<p>&nbsp;<\/p>\n<p>&nbsp;<\/p>\n","protected":false},"excerpt":{"rendered":"<p>Seminarium ABF-huset, Stockholm, onsdagen 21 mars, klockan 16.00-17.30.<\/p>\n<p>I diskussionen deltar Hans Lindblad, Pehr Wiss\u00e9n och J\u00f6rgen Appelgren.<\/p>\n<p>L\u00e4nkar till f\u00f6rdjupningsmaterial betr\u00e4ffande bankunionen finns p\u00e5 n\u00e4sta sida.<\/p>\n<p>Seminarium i samarbete med ABF och Arena Id\u00e9.<\/p>\n","protected":false},"author":1,"featured_media":995,"comment_status":"open","ping_status":"open","sticky":false,"template":"","format":"standard","meta":{"_mi_skip_tracking":false},"categories":[1],"tags":[],"_links":{"self":[{"href":"https:\/\/www.forumeudebatt.se\/index.php?rest_route=\/wp\/v2\/posts\/1304"}],"collection":[{"href":"https:\/\/www.forumeudebatt.se\/index.php?rest_route=\/wp\/v2\/posts"}],"about":[{"href":"https:\/\/www.forumeudebatt.se\/index.php?rest_route=\/wp\/v2\/types\/post"}],"author":[{"embeddable":true,"href":"https:\/\/www.forumeudebatt.se\/index.php?rest_route=\/wp\/v2\/users\/1"}],"replies":[{"embeddable":true,"href":"https:\/\/www.forumeudebatt.se\/index.php?rest_route=%2Fwp%2Fv2%2Fcomments&post=1304"}],"version-history":[{"count":14,"href":"https:\/\/www.forumeudebatt.se\/index.php?rest_route=\/wp\/v2\/posts\/1304\/revisions"}],"predecessor-version":[{"id":1319,"href":"https:\/\/www.forumeudebatt.se\/index.php?rest_route=\/wp\/v2\/posts\/1304\/revisions\/1319"}],"wp:featuredmedia":[{"embeddable":true,"href":"https:\/\/www.forumeudebatt.se\/index.php?rest_route=\/wp\/v2\/media\/995"}],"wp:attachment":[{"href":"https:\/\/www.forumeudebatt.se\/index.php?rest_route=%2Fwp%2Fv2%2Fmedia&parent=1304"}],"wp:term":[{"taxonomy":"category","embeddable":true,"href":"https:\/\/www.forumeudebatt.se\/index.php?rest_route=%2Fwp%2Fv2%2Fcategories&post=1304"},{"taxonomy":"post_tag","embeddable":true,"href":"https:\/\/www.forumeudebatt.se\/index.php?rest_route=%2Fwp%2Fv2%2Ftags&post=1304"}],"curies":[{"name":"wp","href":"https:\/\/api.w.org\/{rel}","templated":true}]}}