{"id":1380,"date":"2018-11-28T09:18:05","date_gmt":"2018-11-28T09:18:05","guid":{"rendered":"http:\/\/www.forumeudebatt.se\/?p=1380"},"modified":"2020-02-06T11:00:01","modified_gmt":"2020-02-06T11:00:01","slug":"sverige-euron-och-bankunionen-videoinspelningen","status":"publish","type":"post","link":"https:\/\/www.forumeudebatt.se\/?p=1380","title":{"rendered":"Sverige, euron och bankunionen &#8211; videoinspelningen"},"content":{"rendered":"<p><a href=\"http:\/\/www.forumeudebatt.se\/content\/uploads\/2018\/10\/Euro-fb-event.png\"><img decoding=\"async\" loading=\"lazy\" class=\"alignleft size-medium wp-image-1361\" src=\"http:\/\/www.forumeudebatt.se\/content\/uploads\/2018\/10\/Euro-fb-event-300x169.png\" alt=\"5nov -18 stor\" width=\"300\" height=\"169\" srcset=\"https:\/\/www.forumeudebatt.se\/wp-content\/uploads\/2018\/10\/Euro-fb-event-300x169.png 300w, https:\/\/www.forumeudebatt.se\/wp-content\/uploads\/2018\/10\/Euro-fb-event-1024x576.png 1024w, https:\/\/www.forumeudebatt.se\/wp-content\/uploads\/2018\/10\/Euro-fb-event.png 1920w\" sizes=\"(max-width: 300px) 100vw, 300px\" \/><\/a><\/p>\n<p>Inspelningen fr\u00e5n seminariet den 6 november 2018 finns tillg\u00e4nglig p\u00e5 Youtube &#8211; <a href=\"https:\/\/www.youtube.com\/watch?v=OVBR6oE9uIg&amp;feature=share\" target=\"_blank\" rel=\"noopener noreferrer\">klicka h\u00e4r<\/a><\/p>\n","protected":false},"excerpt":{"rendered":"<p>Inspelningen fr\u00e5n seminariet den 6 november 2018 finns tillg\u00e4nglig p\u00e5 Youtube.<\/p>\n","protected":false},"author":1,"featured_media":1360,"comment_status":"open","ping_status":"open","sticky":false,"template":"","format":"standard","meta":{"_mi_skip_tracking":false},"categories":[1],"tags":[],"_links":{"self":[{"href":"https:\/\/www.forumeudebatt.se\/index.php?rest_route=\/wp\/v2\/posts\/1380"}],"collection":[{"href":"https:\/\/www.forumeudebatt.se\/index.php?rest_route=\/wp\/v2\/posts"}],"about":[{"href":"https:\/\/www.forumeudebatt.se\/index.php?rest_route=\/wp\/v2\/types\/post"}],"author":[{"embeddable":true,"href":"https:\/\/www.forumeudebatt.se\/index.php?rest_route=\/wp\/v2\/users\/1"}],"replies":[{"embeddable":true,"href":"https:\/\/www.forumeudebatt.se\/index.php?rest_route=%2Fwp%2Fv2%2Fcomments&post=1380"}],"version-history":[{"count":6,"href":"https:\/\/www.forumeudebatt.se\/index.php?rest_route=\/wp\/v2\/posts\/1380\/revisions"}],"predecessor-version":[{"id":1465,"href":"https:\/\/www.forumeudebatt.se\/index.php?rest_route=\/wp\/v2\/posts\/1380\/revisions\/1465"}],"wp:featuredmedia":[{"embeddable":true,"href":"https:\/\/www.forumeudebatt.se\/index.php?rest_route=\/wp\/v2\/media\/1360"}],"wp:attachment":[{"href":"https:\/\/www.forumeudebatt.se\/index.php?rest_route=%2Fwp%2Fv2%2Fmedia&parent=1380"}],"wp:term":[{"taxonomy":"category","embeddable":true,"href":"https:\/\/www.forumeudebatt.se\/index.php?rest_route=%2Fwp%2Fv2%2Fcategories&post=1380"},{"taxonomy":"post_tag","embeddable":true,"href":"https:\/\/www.forumeudebatt.se\/index.php?rest_route=%2Fwp%2Fv2%2Ftags&post=1380"}],"curies":[{"name":"wp","href":"https:\/\/api.w.org\/{rel}","templated":true}]}}