{"id":1387,"date":"2019-03-02T16:20:09","date_gmt":"2019-03-02T16:20:09","guid":{"rendered":"http:\/\/www.forumeudebatt.se\/?p=1387"},"modified":"2020-02-06T10:53:59","modified_gmt":"2020-02-06T10:53:59","slug":"eus-sociala-pelare-och-beskattningsratt","status":"publish","type":"post","link":"https:\/\/www.forumeudebatt.se\/?p=1387","title":{"rendered":"EUs Sociala Pelare och beskattningsr\u00e4tt"},"content":{"rendered":"<p><a href=\"http:\/\/www.forumeudebatt.se\/content\/uploads\/2019\/03\/beskuren-text-eu.jpg\"><img decoding=\"async\" loading=\"lazy\" class=\"alignleft wp-image-1386\" src=\"http:\/\/www.forumeudebatt.se\/content\/uploads\/2019\/03\/beskuren-text-eu-300x289.jpg\" alt=\"\" width=\"170\" height=\"164\" srcset=\"https:\/\/www.forumeudebatt.se\/wp-content\/uploads\/2019\/03\/beskuren-text-eu-300x289.jpg 300w, https:\/\/www.forumeudebatt.se\/wp-content\/uploads\/2019\/03\/beskuren-text-eu.jpg 656w\" sizes=\"(max-width: 170px) 100vw, 170px\" \/><\/a>En rad stora fr\u00e5gor inom olika politikomr\u00e5den \u00e4r p\u00e5 dagordningen inf\u00f6r EU-parlamentsvalet. P\u00e5 ett antal av dessa r\u00e5der relativ samst\u00e4mmighet mellan de svenska partierna. Men tv\u00e5 politikomr\u00e5den \u00e4r relativt nya och inom dessa aktualiseras fundamentala svenska intressen &#8211; det g\u00e4ller den s.k. Sociala Pelaren och EU-kommissionens f\u00f6rslag om beskattningsr\u00e4tt f\u00f6r EU.<\/p>\n<p>Vid EUs informella toppm\u00f6te i G\u00f6teborg 2017, fattades beslut om 20 principer och r\u00e4ttigheter p\u00e5 det sociala omr\u00e5det och p\u00e5 arbetsmarknadens omr\u00e5de som skulle vara normgivande f\u00f6r EUs medlemsl\u00e4nder samt att det var upp till de enskilda l\u00e4nderna att avg\u00f6ra huruvida de vill implementera dessa i sin egen lagstiftning och praxis. Kritiker i bl a Sverige har dock h\u00e4vdat att Sociala Pelaren kommer att medf\u00f6ra, eller riskerar att medf\u00f6ra, \u00f6vernationella beslut som hotar den svenska modellen p\u00e5 arbetsmarknaden och p\u00e5 det socialpolitiska omr\u00e5det.<\/p>\n<p>Till\u00e4ggas kan att de europeiska socialdemokraterna har i sitt valmanifest inf\u00f6r EU-valet bl a f\u00f6reslagit lagstiftning p\u00e5 EU-niv\u00e5 betr\u00e4ffande en europeisk arbetsmarknadsf\u00f6rs\u00e4kring och inr\u00e4ttandet av en europeisk fond f\u00f6r att klara FN-m\u00e5len om en h\u00e5llbar v\u00e4rld.<\/p>\n<p>P\u00e5 skatteomr\u00e5det har kommissionen f\u00f6reslagit att man skall inf\u00f6ra beslut med kvalificerad majoritet i st\u00e4llet f\u00f6r med nu g\u00e4llande enh\u00e4llighet. Detta betyder att l\u00e4ndernas vetor\u00e4tt i skattefr\u00e5gor avskaffas och att ytterligare f\u00f6rflyttning av makt sker fr\u00e5n den nationella niv\u00e5n till EU. Fr\u00e5gan sammanh\u00e4nger med EUs l\u00e5ngtidsbudget som f\u00f6rutsp\u00e5r \u00f6kade utgifter som skall finansieras med \u00f6kade inkomster \u2013 skatte\u00f6kning.<\/p>\n<p>I diskussionen deltar Monika Arvidsson, LO enheten f\u00f6r internationella fr\u00e5gor, Evin Incir (S) och Sara Skyttedal (KD)\u00a0<del>Tomas Tob\u00e9 (M)<\/del>, b\u00e5da kandidater till Europaparlamentet, samt Nils Karlsson, vd Ratio.<br \/>\nSamtalsledare \u00e4r Birgitta Swedenborg, Forum f\u00f6r EU-debatt.<\/p>\n<p><strong>V\u00e4lkomna! ABF Sveav\u00e4gen 41, Stockholm, torsdagen 14 mars, 2019, 18:00<\/strong><\/p>\n<p>Skicka g\u00e4rna ett mail till\u00a0<a href=\"mailto:info@forumeudebatt.se\">info@forumeudebatt.se<\/a>\u00a0om du \u00e4r intresserad att komma till ABF-huset den 14 mars.<\/p>\n<p>Seminariet arrangeras av ABF, Arena Id\u00e9 och Forum f\u00f6r EU-debatt.<\/p>\n<p><strong>Artiklar och bakgrundsmaterial inf\u00f6r seminariet:<\/strong><\/p>\n<p><a href=\"https:\/\/www.europaportalen.se\/teman\/sociala-fragor-i-eu\" target=\"_blank\" rel=\"noopener noreferrer\">Sociala fr\u00e5gor i EU<\/a><\/p>\n<p><a href=\"https:\/\/www.europaportalen.se\/2019\/02\/sargade-socialdemokrater-lovar-eu-valjare-nytt-socialt-kontrakt\" target=\"_blank\" rel=\"noopener noreferrer\">Sargade socialdemokrater lovar EU-v\u00e4ljare nytt socialt kontrakt<\/a><\/p>\n<p><a href=\"https:\/\/www.europaportalen.se\/2019\/03\/s-pa-kollisionskurs-med-s-i-europa\" target=\"_blank\" rel=\"noopener noreferrer\">S p\u00e5 kant med S i EU<\/a><\/p>\n<p><a href=\"https:\/\/www.dn.se\/debatt\/social-trygghet-pa-eu-niva-hotar-den-svenska-modellen\/?fbclid=IwAR1NaewcUJp9-D_RbDlEo0zztoEgqtgcVYVzbB95s7B8BHn-jaOyESm70lU\" target=\"_blank\" rel=\"noopener noreferrer\">Social trygghet p\u00e5 EU-niv\u00e5 hotar den svenska modellen<\/a><\/p>\n<p><a href=\"http:\/\/ratio.se\/paverkar-eus-sociala-pelare-medlemslandernas-arbetsmarknadsmodeller\/\" target=\"_blank\" rel=\"noopener noreferrer\">P\u00e5verkar EU:s sociala pelare medlemsl\u00e4ndernas arbetsmarknadsmodeller?<\/a><\/p>\n<p><a href=\"https:\/\/www.dn.se\/debatt\/s-bluffade-om-eus-okade-makt-over-svensk-valfard\/?fbclid=IwAR3hCBD9OvDKt1hz9rPZWYEcaLp6bs1o47vpYYU3MgU5wtX-KZoZTK4e9do\" target=\"_blank\" rel=\"noopener noreferrer\">S bluffade om EU:s \u00f6kade makt \u00f6ver svensk v\u00e4lf\u00e4rd<\/a><\/p>\n<p><a href=\"https:\/\/www.europaportalen.se\/2019\/01\/kommissionen-vill-slopa-veto-i-viktiga-skattefragor?fbclid=IwAR3PBMff_YAJpnISlA4ogrvXhJZnpf3EMNxizd8ft46CoYHnx-bTHlS3FrM\" target=\"_blank\" rel=\"noopener noreferrer\">Kommissionen vill slopa veto i viktiga skattefr\u00e5gor<\/a><\/p>\n<p><a href=\"https:\/\/www.europaportalen.se\/2019\/02\/magdalena-andersson-eu-kommissionen-motte-massivt-motstand?fbclid=IwAR1j9LXX0aVtGK7ZpP2mcKpb923hbe1eEaLMGUtBRaRTDwOX2rvNQLa_xFE\" target=\"_blank\" rel=\"noopener noreferrer\">Magdalena Andersson: EU-kommissionen m\u00f6tte massivt motst\u00e5nd<\/a><\/p>\n","protected":false},"excerpt":{"rendered":"<p>Tv\u00e5 politikomr\u00e5den som sticker ut och som kanske \u00e4r av fundamentalt intresse f\u00f6r Sverige inf\u00f6r parlamentsvalet till EU \u00e4r den s k Sociala Pelaren och EU-kommissionens f\u00f6rslag om beskattningsr\u00e4tt f\u00f6r EU. Sociala Pelaren syftar till att harmonisera delar av social- och arbetsmarknadspolitiken inom EU. Betr\u00e4ffande skattepolitiken f\u00f6religger f\u00f6rslag om att \u00f6verg\u00e5 fr\u00e5n nuvarande vetor\u00e4tt f\u00f6r medlemsl\u00e4nderna till majoritetsbeslut.<\/p>\n<p>I panelen ing\u00e5r Sara Skyttedal (KD) och Evin Incir (S), b\u00e5da kandidater till Europaparlamentet, Monika Arvidsson, LO, samt Nils Karlsson, Ratio. Sara Skyttedal har med kort varsel tackat ja till att ers\u00e4tta tidigare vidtalade Tomas Tob\u00e9 som tvingats l\u00e4mna \u00e5terbud.<\/p>\n<p>V\u00e4lkomna torsdagen 14 mars, 2019, till en diskussion kring dessa fr\u00e5gor i ABF-huset, Sveav\u00e4gen, Stockholm, kl 18.00.<\/p>\n","protected":false},"author":1,"featured_media":1386,"comment_status":"open","ping_status":"open","sticky":false,"template":"","format":"standard","meta":{"_mi_skip_tracking":false},"categories":[1],"tags":[],"_links":{"self":[{"href":"https:\/\/www.forumeudebatt.se\/index.php?rest_route=\/wp\/v2\/posts\/1387"}],"collection":[{"href":"https:\/\/www.forumeudebatt.se\/index.php?rest_route=\/wp\/v2\/posts"}],"about":[{"href":"https:\/\/www.forumeudebatt.se\/index.php?rest_route=\/wp\/v2\/types\/post"}],"author":[{"embeddable":true,"href":"https:\/\/www.forumeudebatt.se\/index.php?rest_route=\/wp\/v2\/users\/1"}],"replies":[{"embeddable":true,"href":"https:\/\/www.forumeudebatt.se\/index.php?rest_route=%2Fwp%2Fv2%2Fcomments&post=1387"}],"version-history":[{"count":16,"href":"https:\/\/www.forumeudebatt.se\/index.php?rest_route=\/wp\/v2\/posts\/1387\/revisions"}],"predecessor-version":[{"id":1461,"href":"https:\/\/www.forumeudebatt.se\/index.php?rest_route=\/wp\/v2\/posts\/1387\/revisions\/1461"}],"wp:featuredmedia":[{"embeddable":true,"href":"https:\/\/www.forumeudebatt.se\/index.php?rest_route=\/wp\/v2\/media\/1386"}],"wp:attachment":[{"href":"https:\/\/www.forumeudebatt.se\/index.php?rest_route=%2Fwp%2Fv2%2Fmedia&parent=1387"}],"wp:term":[{"taxonomy":"category","embeddable":true,"href":"https:\/\/www.forumeudebatt.se\/index.php?rest_route=%2Fwp%2Fv2%2Fcategories&post=1387"},{"taxonomy":"post_tag","embeddable":true,"href":"https:\/\/www.forumeudebatt.se\/index.php?rest_route=%2Fwp%2Fv2%2Ftags&post=1387"}],"curies":[{"name":"wp","href":"https:\/\/api.w.org\/{rel}","templated":true}]}}