{"id":1492,"date":"2020-07-12T20:44:09","date_gmt":"2020-07-12T20:44:09","guid":{"rendered":"http:\/\/www.forumeudebatt.se\/?p=1492"},"modified":"2021-10-06T16:47:02","modified_gmt":"2021-10-06T16:47:02","slug":"eus-aterhamtningsfond-zoomseminarium","status":"publish","type":"post","link":"https:\/\/www.forumeudebatt.se\/?p=1492","title":{"rendered":"EUs \u00e5terh\u00e4mtningsfond &#8211; Zoomseminarium"},"content":{"rendered":"\r\n<p><strong>Inbjudan till Zoomseminarium onsdagen den 15\/7 2020 kl 16-17.30 <\/strong><\/p>\r\n\r\n\r\n\r\n<p>Merkels och Macrons gemensamma utspel har lett till EU Kommissionens f\u00f6rslag av \u00e5tg\u00e4rder uppg\u00e5ende till inalles 750 mrd euro. N\u00e4sta helg kommer Europeiska R\u00e5det att diskutera och f\u00f6rhandla om detta <a href=\"https:\/\/ec.europa.eu\/info\/live-work-travel-eu\/health\/coronavirus-response\/recovery-plan-europe_sv\">f\u00f6rslag<\/a>.<\/p>\r\n\r\n\r\n\r\n<p>Planen \u00e4r t\u00e4nkt att genomf\u00f6ras ut\u00f6ver de redan omfattande nationella finanspolitiska st\u00f6d\u00e5tg\u00e4rderna, tidigare \u00e5tg\u00e4rder p\u00e5 EU-niv\u00e5,samt ECBs kraftfulla penningpolitiska l\u00e4ttnader. F\u00f6r Sveriges del r\u00f6r det sig om ett \u00e5tagande p\u00e5 150 mrd SEK. Sveriges linje, med brett st\u00f6d i riksdagen, inneb\u00e4r att krediter skulle erbjudas de av pandemin drabbade l\u00e4nderna, men inte, som kommissionen och flertalet medlemsl\u00e4nder vill, rena g\u00e5vor. Planen skulle medf\u00f6ra omfattande ekonomiska och politiska konsekvenser f\u00f6r EU-samarbetet och f\u00f6r demokratin p\u00e5 nationell niv\u00e5. Likv\u00e4l har debatten och genomlysningen av denna plan varit begr\u00e4nsad.<\/p>\r\n\r\n\r\n\r\n<p>F\u00f6r att stimulera diskussionen anordnas detta seminarium med fyra inledare med omfattande erfarenhet av EU:<\/p>\r\n\r\n\r\n\r\n<p>Daniel Tarschys, professor emeritus i statsvetenskap, f d generalsekreterare i Europar\u00e5det<br \/>Lars Anell, f d ambassad\u00f6r vid EU<br \/>Leif Pagrotsky, f d statsr\u00e5d<br \/>Susanne Ackum, fil dr i nationalekonomi, f d statssekreterare i finansdepartementet<\/p>\r\n\r\n\r\n\r\n<p>Seminariet kommer modereras av Eva Nisser, styrelseledamot i Forumet<\/p>\r\n\r\n\r\n\r\n<p><strong>ANM\u00c4LAN<\/strong> sker genom att klicka p\u00e5 <a href=\"https:\/\/bit.ly\/anmalan15072020 \"><strong>denna l\u00e4nk<\/strong><\/a>.<\/p>\r\n\r\n\r\n\r\n<p>Skriva in namn och mailadress i anm\u00e4lan och skicka in den.<\/p>\r\n\r\n\r\n\r\n<p>Strax f\u00f6re seminariet kommer en personlig Zoominbjudan som man klickar i f\u00f6r att ansluta till seminariet.<\/p>\r\n\r\n\r\n\r\n<p>V\u00e4lkomna!<\/p>\r\n\r\n\r\n\r\n<p>Michael Sohlman, ordf\u00f6rande<\/p>\r\n","protected":false},"excerpt":{"rendered":"<p>Inbjudan till Zoomseminarium onsdagen 15\/7 kl 16-17.30 (2020) om EUs \u00e5terh\u00e4mtningsfond. <\/p>\n<p>Diskussionen inleds av Daniel Tarschys, Lars Anell, Leif Pagrotsky och Susanne Ackum. Moderator \u00e4r Eva Nisser.<\/p>\n<p>V\u00e4lkommen med anm\u00e4lan.<\/p>\n","protected":false},"author":1,"featured_media":1494,"comment_status":"open","ping_status":"open","sticky":false,"template":"","format":"standard","meta":{"_mi_skip_tracking":false},"categories":[1],"tags":[],"_links":{"self":[{"href":"https:\/\/www.forumeudebatt.se\/index.php?rest_route=\/wp\/v2\/posts\/1492"}],"collection":[{"href":"https:\/\/www.forumeudebatt.se\/index.php?rest_route=\/wp\/v2\/posts"}],"about":[{"href":"https:\/\/www.forumeudebatt.se\/index.php?rest_route=\/wp\/v2\/types\/post"}],"author":[{"embeddable":true,"href":"https:\/\/www.forumeudebatt.se\/index.php?rest_route=\/wp\/v2\/users\/1"}],"replies":[{"embeddable":true,"href":"https:\/\/www.forumeudebatt.se\/index.php?rest_route=%2Fwp%2Fv2%2Fcomments&post=1492"}],"version-history":[{"count":7,"href":"https:\/\/www.forumeudebatt.se\/index.php?rest_route=\/wp\/v2\/posts\/1492\/revisions"}],"predecessor-version":[{"id":1624,"href":"https:\/\/www.forumeudebatt.se\/index.php?rest_route=\/wp\/v2\/posts\/1492\/revisions\/1624"}],"wp:featuredmedia":[{"embeddable":true,"href":"https:\/\/www.forumeudebatt.se\/index.php?rest_route=\/wp\/v2\/media\/1494"}],"wp:attachment":[{"href":"https:\/\/www.forumeudebatt.se\/index.php?rest_route=%2Fwp%2Fv2%2Fmedia&parent=1492"}],"wp:term":[{"taxonomy":"category","embeddable":true,"href":"https:\/\/www.forumeudebatt.se\/index.php?rest_route=%2Fwp%2Fv2%2Fcategories&post=1492"},{"taxonomy":"post_tag","embeddable":true,"href":"https:\/\/www.forumeudebatt.se\/index.php?rest_route=%2Fwp%2Fv2%2Ftags&post=1492"}],"curies":[{"name":"wp","href":"https:\/\/api.w.org\/{rel}","templated":true}]}}