{"id":1511,"date":"2020-09-11T15:59:01","date_gmt":"2020-09-11T15:59:01","guid":{"rendered":"http:\/\/www.forumeudebatt.se\/?p=1511"},"modified":"2020-09-16T09:10:27","modified_gmt":"2020-09-16T09:10:27","slug":"the-hidden-agenda-behind-the-eu-recovory-fund","status":"publish","type":"post","link":"https:\/\/www.forumeudebatt.se\/?p=1511","title":{"rendered":"The hidden agenda behind the EU recovory fund"},"content":{"rendered":"\n<p>Lars Anell analyserar EUs \u00e5terh\u00e4mtningsfond. Ladda ned dokumentet <strong><a href=\"https:\/\/www.forumeudebatt.se\/content\/uploads\/2020\/09\/Lars-Anell-II-_-The-hidden-agenda....pdf\" target=\"_blank\" rel=\"noreferrer noopener\" aria-label=\"h\u00e4r (opens in a new tab)\">h\u00e4r<\/a><\/strong><\/p>\n","protected":false},"excerpt":{"rendered":"<p>Lars Anell analyserar EUs \u00e5terh\u00e4mtningsfond vilken EU fattade beslut om i slutet av juli 2020. Uppsatsen kan laddas ned fr\u00e5n v\u00e5r hemsida och \u00e4r skriven p\u00e5 engelska.<\/p>\n","protected":false},"author":1,"featured_media":354,"comment_status":"open","ping_status":"open","sticky":false,"template":"","format":"standard","meta":{"_mi_skip_tracking":false},"categories":[1],"tags":[],"_links":{"self":[{"href":"https:\/\/www.forumeudebatt.se\/index.php?rest_route=\/wp\/v2\/posts\/1511"}],"collection":[{"href":"https:\/\/www.forumeudebatt.se\/index.php?rest_route=\/wp\/v2\/posts"}],"about":[{"href":"https:\/\/www.forumeudebatt.se\/index.php?rest_route=\/wp\/v2\/types\/post"}],"author":[{"embeddable":true,"href":"https:\/\/www.forumeudebatt.se\/index.php?rest_route=\/wp\/v2\/users\/1"}],"replies":[{"embeddable":true,"href":"https:\/\/www.forumeudebatt.se\/index.php?rest_route=%2Fwp%2Fv2%2Fcomments&post=1511"}],"version-history":[{"count":7,"href":"https:\/\/www.forumeudebatt.se\/index.php?rest_route=\/wp\/v2\/posts\/1511\/revisions"}],"predecessor-version":[{"id":1519,"href":"https:\/\/www.forumeudebatt.se\/index.php?rest_route=\/wp\/v2\/posts\/1511\/revisions\/1519"}],"wp:featuredmedia":[{"embeddable":true,"href":"https:\/\/www.forumeudebatt.se\/index.php?rest_route=\/wp\/v2\/media\/354"}],"wp:attachment":[{"href":"https:\/\/www.forumeudebatt.se\/index.php?rest_route=%2Fwp%2Fv2%2Fmedia&parent=1511"}],"wp:term":[{"taxonomy":"category","embeddable":true,"href":"https:\/\/www.forumeudebatt.se\/index.php?rest_route=%2Fwp%2Fv2%2Fcategories&post=1511"},{"taxonomy":"post_tag","embeddable":true,"href":"https:\/\/www.forumeudebatt.se\/index.php?rest_route=%2Fwp%2Fv2%2Ftags&post=1511"}],"curies":[{"name":"wp","href":"https:\/\/api.w.org\/{rel}","templated":true}]}}