{"id":1524,"date":"2020-10-08T19:11:15","date_gmt":"2020-10-08T19:11:15","guid":{"rendered":"http:\/\/www.forumeudebatt.se\/?p=1524"},"modified":"2020-10-23T15:15:26","modified_gmt":"2020-10-23T15:15:26","slug":"webbinarium-eus-krisprogram-adekvat-atgard-mot-krisen","status":"publish","type":"post","link":"https:\/\/www.forumeudebatt.se\/?p=1524","title":{"rendered":"Webbinarium: EUs krisprogram &#8211; adekvat \u00e5tg\u00e4rd mot krisen?"},"content":{"rendered":"\r\n<p><a href=\"http:\/\/www.forumeudebatt.se\/content\/uploads\/2020\/10\/20-okt-III.jpg\"><img decoding=\"async\" loading=\"lazy\" class=\"alignleft size-thumbnail wp-image-1521\" src=\"http:\/\/www.forumeudebatt.se\/content\/uploads\/2020\/10\/20-okt-III-150x150.jpg\" alt=\"\" width=\"150\" height=\"150\" \/><\/a>Coronaepidemin har sk\u00f6rdat ett stort antal d\u00f6dsfall i v\u00e4rlden och f\u00f6r 24 europeiska l\u00e4nder redovisar Eurostat en \u00f6verd\u00f6dlighet p\u00e5 160 000 individer f\u00f6r perioden mars-maj 2020. Pandemins sociala och ekonomiska konsekvenser \u00e4r sv\u00e5r\u00f6verblickbara. Under andra kvartalet 2020 minskade EU-l\u00e4ndernas samlade BNP med 11,4 procent enligt uppgifter fr\u00e5n Eurostat . Tappet \u00e4r oj\u00e4mf\u00f6rligt det st\u00f6rsta och mest internationellt synkroniserade fall i v\u00e5ra inkomster som uppm\u00e4tts s\u00e5 l\u00e4nge vi haft nationalr\u00e4kenskaper. Covid-19 och dess f\u00f6ljder har resulterat i en kris som saknar motstycke i EUs historia.<\/p>\r\n\r\n\r\n\r\n<p>Vid Ekonomiska r\u00e5dets m\u00f6te 17-21 juli 2020 besl\u00f6ts om l\u00e5ngtidsbudgeten och en extraordin\u00e4r \u00e5terh\u00e4mtningsinsats (Next Generation EU) d\u00e4r h\u00f6gst 750 miljarder euro l\u00e5nas upp av EU. Av de l\u00e5nade medlen skall 360 miljarder kunna l\u00e5nas ut till medlemsl\u00e4nderna och resterande 390 miljarder betalas ut som bidrag. De 750 miljarderna euro motsvarar drygt 4 procent av EUs sammanr\u00e4knade BNP. Planen \u00e4r t\u00e4nkt att genomf\u00f6ras ut\u00f6ver de redan omfattande nationella penning- och finanspolitiska st\u00f6d\u00e5tg\u00e4rderna, tidigare \u00e5tg\u00e4rder p\u00e5 EU-niv\u00e5, samt ECBs kraftfulla penningpolitiska l\u00e4ttnader.<\/p>\r\n\r\n\r\n\r\n<p>Implimenteringen av \u00e5terh\u00e4mtningsprogrammet kommer att medf\u00f6ra omfattande ekonomiska och politiska konsekvenser f\u00f6r bl a EU-samarbetet och f\u00f6r demokratin p\u00e5 nationell niv\u00e5. Likv\u00e4l har debatten och genomlysningen av denna plan varit begr\u00e4nsad. F\u00f6r att stimulera diskussionen anordnas detta webbseminarium med tre inledare med olika syn p\u00e5 EUs \u00e5terh\u00e4mtningsprogram.<\/p>\r\n\r\n\r\n\r\n<p><br \/>I panelen vid webbinariet deltar:<\/p>\r\n\r\n\r\n\r\n<p><span style=\"text-decoration: underline;\">Karolina Ekholm<\/span>, Professor i nationalekonomi vid Stockholms universitet<\/p>\r\n\r\n\r\n\r\n<p><span style=\"text-decoration: underline;\">Lars Anell<\/span>, f d ambassad\u00f6r vid EU<\/p>\r\n\r\n\r\n\r\n<p><span style=\"text-decoration: underline;\">John Hassler<\/span>, Professor i nationalekonomi vid Stockholms universitet<\/p>\r\n\r\n\r\n\r\n<p>Seminariet kommer modereras av <span style=\"text-decoration: underline;\">Eva Nisser<\/span>, styrelseledamot i Forumet<\/p>\r\n\r\n\r\n\r\n<p>&nbsp;<\/p>\r\n\r\n\r\n\r\n\r\n\r\n\r\n\r\n<p>Diskussionen kan f\u00f6ljas p\u00e5 <strong>Arenas facebooksida<\/strong> den <strong>20 oktober<\/strong> 2020 <strong>med start kl 16.00<\/strong> och p\u00e5g\u00e5r till 17.30 &#8211; <a href=\"https:\/\/www.facebook.com\/arenaide\/\" target=\"_blank\" rel=\"noreferrer noopener\" aria-label=\"L\u00e4nk (opens in a new tab)\"><strong>L\u00e4nk<\/strong><\/a><\/p>\r\n\r\n\r\n\r\n<p>Diskussionen kan ocks\u00e5 ses <strong>i efterhand<\/strong> fr\u00e5n den 21 oktober 2020 &#8211; <strong><a href=\"https:\/\/www.youtube.com\/watch?v=Kzbny1TtRRQ&amp;feature=youtu.be\" target=\"_blank\" rel=\"noreferrer noopener\" aria-label=\"L\u00e4nk (opens in a new tab)\">L\u00e4nk<\/a><\/strong><\/p>\r\n\r\n\r\n\r\n<p>&nbsp;<\/p>\r\n<p><strong>V\u00e4lkommen att f\u00f6lja seminariet<\/strong><\/p>\r\n<p>&nbsp;<\/p>\r\n\r\n\r\n\r\n\r\n\r\n\r\n\r\n<p>Ett arrangemang i samarbete mellan ABF, Arena Id\u00e9 och Forum f\u00f6r EU-debatt.<\/p>\r\n\r\n\r\n\r\n<p>&nbsp;<\/p>\r\n\r\n\r\n\r\n\r\n\r\n<p>Artiklar i urval om EUs \u00e5terh\u00e4mtningsfond (vissa kan ligga bakom betalv\u00e4gg)<\/p>\r\n\r\n\r\n\r\n\r\n\r\n<p><a href=\"https:\/\/www.consilium.europa.eu\/\/media\/45129\/210720-euco-final-conclusions-sv.pdf\" target=\"_blank\" rel=\"noreferrer noopener\" aria-label=\"Ekonomiska r\u00e5dets beslut (opens in a new tab)\">Ekonomiska r\u00e5dets beslut<\/a>, Bryssel 21 juli 2020<\/p>\r\n\r\n\r\n\r\n<p>Karolina Ekholm<br \/><a href=\"https:\/\/ekonomistas.se\/2020\/07\/14\/till-forsvar-for-de-sparsamma-fyra\/?fbclid=IwAR1gaeayPnhB_BpIGIuMge2OQiWtgXunC6PPLZ0UNupuJ8x3aF7AvZpE7rw#more-30104\" target=\"_blank\" rel=\"noreferrer noopener\" aria-label=\"Till f\u00f6rsvar f\u00f6r de &quot;sparsamma&quot; fyra (opens in a new tab)\">Till f\u00f6rsvar f\u00f6r de &#8220;sparsamma&#8221; fyra<\/a>, Ekonomistas 14 juli 2020<\/p>\r\n\r\n\r\n\r\n\r\n\r\n<p>John Hassler m fl<br \/><a href=\"https:\/\/www.svd.se\/sverige-och-danmark-valjer-fel-strategi-i-eu\" target=\"_blank\" rel=\"noreferrer noopener\" aria-label=\"Sverige och Danmark v\u00e4ljer fel strategi i EU (opens in a new tab)\">Sverige och Danmark v\u00e4ljer fel strategi i EU<\/a>, SvD 14 juli 2020<\/p>\r\n\r\n\r\n\r\n<p>Lars Anell<br \/><a href=\"https:\/\/www.dagensarena.se\/essa\/det-handlar-inte-om-aterhamtning\/\" target=\"_blank\" rel=\"noreferrer noopener\" aria-label=\"Det handlar inte om \u00e5terh\u00e4mtning (opens in a new tab)\">Det handlar inte om \u00e5terh\u00e4mtning<\/a>, Dagens Arena 16 juli 2020<br \/><a href=\"https:\/\/www.dagensarena.se\/essa\/uppdrag-radda-euron\/\" target=\"_blank\" rel=\"noreferrer noopener\" aria-label=\"Uppdrag: r\u00e4dda euron (opens in a new tab)\">Uppdrag: r\u00e4dda euron<\/a>, Dagens Arena 9 juni 2020<\/p>\r\n\r\n\r\n\r\n<p>Lars Anell, Lotta Fogde och Leif Pagrotsky<br \/><a href=\"https:\/\/www.expressen.se\/debatt\/eus-coronastod-en-dimrida-for-att-radda-euron\/?fbclid=IwAR3Uu9fUsuZGwKI77hNCRa0MM4nfqRQb8bE20FFwng_otcQt0qgbyGFO0mk\" target=\"_blank\" rel=\"noreferrer noopener\" aria-label=\"EU:s coronast\u00f6d en dimrid\u00e5 \u2013 f\u00f6r att r\u00e4dda euron (opens in a new tab)\">EU:s coronast\u00f6d en dimrid\u00e5 \u2013 f\u00f6r att r\u00e4dda euron<\/a>, Expressen 8 juli 2020<\/p>\r\n\r\n\r\n\r\n<p>Rune Andersson, Carl Bennet, P-O Eriksson och Nils Lundgren<br \/><a href=\"https:\/\/www.svd.se\/pengarullningen-ar-ett-hot-mot-eus-framtid?fbclid=IwAR1iXXocuSrLg07-zNzxo4Rgj_Ukrf2Bm4kv1lDed16bwLDrjszsrld_OGE\" target=\"_blank\" rel=\"noreferrer noopener\" aria-label=\" Pengarullningen \u00e4r ett hot mot EU:s framtid (opens in a new tab)\"> Pengarullningen \u00e4r ett hot mot EU:s framtid<\/a>, DN 7 juli 2020<\/p>\r\n<p>Harry Flam<br \/><a href=\"https:\/\/sieps.se\/globalassets\/publikationer\/2020\/2020_11epa.pdf\" target=\"_blank\" rel=\"noopener noreferrer\">\u00c4r \u00e5terh\u00e4mtningsplanen b\u00f6rjan p\u00e5 \u00f6verstatlig finanspolitik i EU?<\/a>, SIEPS oktober 2020<\/p>\r\n\r\n\r\n\r\n<p>Lars Anell<br \/><a href=\"https:\/\/www.forumeudebatt.se\/content\/uploads\/2020\/09\/Lars-Anell-II-_-The-hidden-agenda....pdf\" target=\"_blank\" rel=\"noopener noreferrer\">The hidden agenda behind the EU recovery fund<\/a>, manuskript juli 2020<\/p>\r\n","protected":false},"excerpt":{"rendered":"<p>Den 20 oktober (2020) diskuteras olika ekonomiska och politiska konsekvenser f\u00f6r bl a EU-samarbetet och f\u00f6r demokratin p\u00e5 nationell niv\u00e5 av det omfattande \u00e5terh\u00e4mtningsprogrammet som EU har fattat beslutat om.<\/p>\n<p>I diskussionen som b\u00f6rjar kl 16.00 och kan f\u00f6ljas p\u00e5 Arenas facebooksida, deltar Karolina Ekholm, Lars Anell och John Hassler. Eva Nisser \u00e4r moderator.<\/p>\n<p>V\u00e4lkommen att f\u00f6lja seminariet.<\/p>\n<p>Arrangemang \u00e4r ett samarbete mellan ABF, Arena Id\u00e9 och Forum f\u00f6r EU-debatt.<\/p>\n","protected":false},"author":1,"featured_media":1521,"comment_status":"open","ping_status":"open","sticky":false,"template":"","format":"standard","meta":{"_mi_skip_tracking":false},"categories":[1],"tags":[],"_links":{"self":[{"href":"https:\/\/www.forumeudebatt.se\/index.php?rest_route=\/wp\/v2\/posts\/1524"}],"collection":[{"href":"https:\/\/www.forumeudebatt.se\/index.php?rest_route=\/wp\/v2\/posts"}],"about":[{"href":"https:\/\/www.forumeudebatt.se\/index.php?rest_route=\/wp\/v2\/types\/post"}],"author":[{"embeddable":true,"href":"https:\/\/www.forumeudebatt.se\/index.php?rest_route=\/wp\/v2\/users\/1"}],"replies":[{"embeddable":true,"href":"https:\/\/www.forumeudebatt.se\/index.php?rest_route=%2Fwp%2Fv2%2Fcomments&post=1524"}],"version-history":[{"count":33,"href":"https:\/\/www.forumeudebatt.se\/index.php?rest_route=\/wp\/v2\/posts\/1524\/revisions"}],"predecessor-version":[{"id":1564,"href":"https:\/\/www.forumeudebatt.se\/index.php?rest_route=\/wp\/v2\/posts\/1524\/revisions\/1564"}],"wp:featuredmedia":[{"embeddable":true,"href":"https:\/\/www.forumeudebatt.se\/index.php?rest_route=\/wp\/v2\/media\/1521"}],"wp:attachment":[{"href":"https:\/\/www.forumeudebatt.se\/index.php?rest_route=%2Fwp%2Fv2%2Fmedia&parent=1524"}],"wp:term":[{"taxonomy":"category","embeddable":true,"href":"https:\/\/www.forumeudebatt.se\/index.php?rest_route=%2Fwp%2Fv2%2Fcategories&post=1524"},{"taxonomy":"post_tag","embeddable":true,"href":"https:\/\/www.forumeudebatt.se\/index.php?rest_route=%2Fwp%2Fv2%2Ftags&post=1524"}],"curies":[{"name":"wp","href":"https:\/\/api.w.org\/{rel}","templated":true}]}}