{"id":1566,"date":"2020-11-10T19:12:15","date_gmt":"2020-11-10T19:12:15","guid":{"rendered":"http:\/\/www.forumeudebatt.se\/?p=1566"},"modified":"2021-10-06T16:41:21","modified_gmt":"2021-10-06T16:41:21","slug":"zoomseminarium-eus-krisprogram-forenligt-med-svensk-grundlag-med-eus-grundfordrag","status":"publish","type":"post","link":"https:\/\/www.forumeudebatt.se\/?p=1566","title":{"rendered":"Zoomseminarium: EUs krisprogram &#8211; f\u00f6renligt med svensk grundlag? Med EUs grundf\u00f6rdrag?"},"content":{"rendered":"<p><a href=\"http:\/\/www.forumeudebatt.se\/content\/uploads\/2020\/11\/Lag-o-fordrag-1.jpg\"><img decoding=\"async\" loading=\"lazy\" class=\"alignleft size-thumbnail wp-image-1565\" src=\"http:\/\/www.forumeudebatt.se\/content\/uploads\/2020\/11\/Lag-o-fordrag-1-150x150.jpg\" alt=\"\" width=\"150\" height=\"150\" \/><\/a>EUs \u00e5terh\u00e4mtningsplan, Next Generation EU, inneb\u00e4r en betydande makt\u00f6verf\u00f6ring fr\u00e5n medlemsl\u00e4nderna och det st\u00f6rsta steget mot ett federalt EU sedan inf\u00f6randet av euron. Planen bryter tv\u00e5 viktiga tabun i EU: dels att l\u00e5ta EU ta upp l\u00e5n f\u00f6r att finansiera l\u00f6pande utgifter, dels att \u00f6verf\u00f6ra inkomster fr\u00e5n vissa medlemsstater till andra medlemsstater. L\u00e5nebeloppet p\u00e5 750 mdr euro \u00e4r dessutom gigantiskt.<\/p>\n<p>Samtidigt aviserar EU att de vill inf\u00f6ra egna EU-skatter, vilket skulle bryta \u00e4nnu ett tabu. Planen kan f\u00f6rv\u00e4ntas luckra upp motst\u00e5ndet mot en gemensam finanspolitik och kanske mot fler \u00f6verstatliga beslut i allm\u00e4nhet. Men EU \u00e4r inte federalt s\u00e5 l\u00e4nge besluten bara kan fattas under enh\u00e4llighet.<\/p>\n<p>\u00c5terh\u00e4mtningsplanen v\u00e4cker \/m\u00e5nga fr\u00e5gor. De ekonomiska aspekterna diskuterades vid ett webbinarium den 20 oktober. Vid detta seminarium fokuserar vi p\u00e5 de konstitutionella aspekterna:\/inte minst konstitutionella fr\u00e5gor:<br \/>\n&#8211; Till\u00e5ter den svenska grundlagen att EU tar upp l\u00e5n och beslutar om skatter som ska betalas av svenska medborgare? S\u00e4tter grundlagen \u00f6verhuvudtaget n\u00e5gon gr\u00e4ns f\u00f6r hur mycket av v\u00e5rt sj\u00e4lvbest\u00e4mmande vi \u00f6verl\u00e5ter p\u00e5 EU?<br \/>\n&#8211; \u00c4r planen f\u00f6renlig med EUs grundf\u00f6rdrag?<br \/>\n&#8211; Grundlagen har en svagare st\u00e4llning i Sverige \u00e4n i andra l\u00e4nder? \u00c4r det ett problem?<\/p>\n<p>Fr\u00e5gorna kommer inledningsvis diskuteras av f\u00f6ljande paneldeltagare:<\/p>\n<p><span style=\"text-decoration: underline;\">Sverker Gustavsson<\/span>, professor emeritus i statskunskap, Uppsala<br \/>\n<span style=\"text-decoration: underline;\">Carl-Fredrik Bergstr\u00f6m<\/span>, professor i europar\u00e4tt, Uppsala<br \/>\n<span style=\"text-decoration: underline;\">Torgny H\u00e5stad<\/span>, professor emeritus i juridik, Uppsala, och f.d. justitier\u00e5d i H\u00f6gsta domstolen<\/p>\n<p>Seminariet modereras av <span style=\"text-decoration: underline;\">Birgitta Swedenborg<\/span>, Ph.D., styrelseledamot i Forum f\u00f6r EU-debatt<\/p>\n<p>&nbsp;<\/p>\n<p><span style=\"text-decoration: underline;\">Inspelningen fr\u00e5n seminariet \u00e4r nu tillg\u00e4nglig<\/span> &#8211; <a href=\"https:\/\/youtu.be\/Y4R9a-NWz1o\" target=\"_blank\" rel=\"noopener noreferrer\"><strong>l\u00e4nk<\/strong><\/a>. Tyv\u00e4rr hade vi tekniska problem vid inspelningen vilket resluterade i att filmen inte l\u00f6per kontinuerligt utan vissa fragment visas. Dock kan diskussionen p\u00e5 seminariet f\u00f6ljas d\u00e5 ljudet \u00e4r korrekt inspelat.<\/p>\n<p>Seminariet fortsatte via mail eftersom flera fr\u00e5gor blev h\u00e4ngande i luften. Samtliga paneldeltagare deltog i <strong><a href=\"https:\/\/www.forumeudebatt.se\/content\/uploads\/2020\/11\/Sem-23-nov-2020-Birgitta-S-emailkonversationen.pdf\" target=\"_blank\" rel=\"noopener noreferrer\">maildiskussionen<\/a><\/strong> och hj\u00e4lpte till att r\u00e4ta ut fr\u00e5getecknen. Vi tycker att v\u00e5r diskussion var s\u00e5 givande att vi vill dela med oss av den.<\/p>\n<p>&nbsp;<\/p>\n<p>Zoomseminarium <strong>m\u00e5ndagen den 23 november kl. 16-17:30<\/strong><\/p>\n<p><strong>ANM\u00c4LAN<\/strong>\u00a0sker genom att klicka p\u00e5\u00a0<strong>denna l\u00e4nk<\/strong>.<\/p>\n<p>Skriva in namn och mailadress i anm\u00e4lan och skicka in den.<\/p>\n<p>Strax f\u00f6re seminariet kommer en personlig Zoominbjudan med en l\u00e4nk, via email,\u00a0 f\u00f6r att ansluta till seminariet.<\/p>\n<p>&nbsp;<\/p>\n<p>V\u00c4LKOMMEN MED ANM\u00c4LAN<\/p>\n<p>&nbsp;<\/p>\n<p>Artikel om EUs \u00e5terh\u00e4mtningsfond<\/p>\n<p>Harry Flam<br \/>\n<a href=\"https:\/\/sieps.se\/globalassets\/publikationer\/2020\/2020_11epa.pdf\" target=\"_blank\" rel=\"noopener noreferrer\">\u00c4r \u00e5terh\u00e4mtningsplanen b\u00f6rjan p\u00e5 \u00f6verstatlig finanspolitik i EU?<\/a>, SIEPS oktober 2020<\/p>\n","protected":false},"excerpt":{"rendered":"<p>Inbjudan till Zoomseminarium om de konstitutionella aspekternas av EUs omfattande krisprogram. <\/p>\n<p>Seminariet \u00e4ger rum m\u00e5ndagen den 23 november kl. 16-17:30 (2020) och kan f\u00f6ljas via Zoom.<\/p>\n<p>I diskussionen deltar Sverker Gustavsson, Carl-Fredrik Bergstr\u00f6m och Torgny H\u00e5stad, Moderator \u00e4r Birgitta Swedenborg.<\/p>\n<p>Inspelningen av seminariet p\u00e5 YouTube och utskifter fr\u00e5n en mailkonversation mellan deltagarna som \u00e4gde rum efter seminariet \u00e4r nu tillg\u00e4ngliga.<\/p>\n","protected":false},"author":1,"featured_media":1565,"comment_status":"open","ping_status":"open","sticky":false,"template":"","format":"standard","meta":{"_mi_skip_tracking":false},"categories":[1],"tags":[],"_links":{"self":[{"href":"https:\/\/www.forumeudebatt.se\/index.php?rest_route=\/wp\/v2\/posts\/1566"}],"collection":[{"href":"https:\/\/www.forumeudebatt.se\/index.php?rest_route=\/wp\/v2\/posts"}],"about":[{"href":"https:\/\/www.forumeudebatt.se\/index.php?rest_route=\/wp\/v2\/types\/post"}],"author":[{"embeddable":true,"href":"https:\/\/www.forumeudebatt.se\/index.php?rest_route=\/wp\/v2\/users\/1"}],"replies":[{"embeddable":true,"href":"https:\/\/www.forumeudebatt.se\/index.php?rest_route=%2Fwp%2Fv2%2Fcomments&post=1566"}],"version-history":[{"count":16,"href":"https:\/\/www.forumeudebatt.se\/index.php?rest_route=\/wp\/v2\/posts\/1566\/revisions"}],"predecessor-version":[{"id":1754,"href":"https:\/\/www.forumeudebatt.se\/index.php?rest_route=\/wp\/v2\/posts\/1566\/revisions\/1754"}],"wp:featuredmedia":[{"embeddable":true,"href":"https:\/\/www.forumeudebatt.se\/index.php?rest_route=\/wp\/v2\/media\/1565"}],"wp:attachment":[{"href":"https:\/\/www.forumeudebatt.se\/index.php?rest_route=%2Fwp%2Fv2%2Fmedia&parent=1566"}],"wp:term":[{"taxonomy":"category","embeddable":true,"href":"https:\/\/www.forumeudebatt.se\/index.php?rest_route=%2Fwp%2Fv2%2Fcategories&post=1566"},{"taxonomy":"post_tag","embeddable":true,"href":"https:\/\/www.forumeudebatt.se\/index.php?rest_route=%2Fwp%2Fv2%2Ftags&post=1566"}],"curies":[{"name":"wp","href":"https:\/\/api.w.org\/{rel}","templated":true}]}}