{"id":1607,"date":"2021-03-23T22:08:48","date_gmt":"2021-03-23T22:08:48","guid":{"rendered":"http:\/\/www.forumeudebatt.se\/?p=1607"},"modified":"2021-10-06T16:49:55","modified_gmt":"2021-10-06T16:49:55","slug":"ska-vi-bara-fortsatta-att-overlata-makt-till-eu","status":"publish","type":"post","link":"https:\/\/www.forumeudebatt.se\/?p=1607","title":{"rendered":"Ska vi bara forts\u00e4tta att \u00f6verl\u00e5ta makt till EU?"},"content":{"rendered":"<p>L\u00e4s artikeln i <strong><a href=\"https:\/\/www.svd.se\/ska-vi-bara-fortsatta-att-overlata-makt-till-eu?fbclid=IwAR2OZ2RCwM0Fi7E_pqLuqpORSWeSxT17JBkB9OOPZBdoOgvWDLk4u0p0BX4\" target=\"_blank\" rel=\"noopener noreferrer\">Svenska Dagbladet<\/a><\/strong><\/p>\n<p>Svar p\u00e5 en replik fr\u00e5n den socialdemokratiska EU-parlamentarikern Erik Bergkvist om v\u00e5r artikel i SvD &#8211; <a href=\"https:\/\/www.svd.se\/europa-ja--eu-stat-nej\" target=\"_blank\" rel=\"noopener noreferrer\"><strong>l\u00e4nk<\/strong><\/a><\/p>\n<p>&nbsp;<\/p>\n","protected":false},"excerpt":{"rendered":"<p>Debattartikel publicerad i SvD (210324) mot bakgrund av behandlingen i riksdagen av EUs \u00e5terh\u00e4mtningsfond som bl a inneb\u00e4r en uppl\u00e5ning av svindlande 750 miljarder euro.<\/p>\n<p>En l\u00e4nk med en replik fr\u00e5n den socialdemokratiska EU-parlamentarikern Erik Bergkvist p\u00e5 v\u00e5r artikel finns ocks\u00e5 utlagd.<\/p>\n","protected":false},"author":1,"featured_media":1610,"comment_status":"open","ping_status":"open","sticky":false,"template":"","format":"standard","meta":{"_mi_skip_tracking":false},"categories":[1],"tags":[],"_links":{"self":[{"href":"https:\/\/www.forumeudebatt.se\/index.php?rest_route=\/wp\/v2\/posts\/1607"}],"collection":[{"href":"https:\/\/www.forumeudebatt.se\/index.php?rest_route=\/wp\/v2\/posts"}],"about":[{"href":"https:\/\/www.forumeudebatt.se\/index.php?rest_route=\/wp\/v2\/types\/post"}],"author":[{"embeddable":true,"href":"https:\/\/www.forumeudebatt.se\/index.php?rest_route=\/wp\/v2\/users\/1"}],"replies":[{"embeddable":true,"href":"https:\/\/www.forumeudebatt.se\/index.php?rest_route=%2Fwp%2Fv2%2Fcomments&post=1607"}],"version-history":[{"count":7,"href":"https:\/\/www.forumeudebatt.se\/index.php?rest_route=\/wp\/v2\/posts\/1607\/revisions"}],"predecessor-version":[{"id":1625,"href":"https:\/\/www.forumeudebatt.se\/index.php?rest_route=\/wp\/v2\/posts\/1607\/revisions\/1625"}],"wp:featuredmedia":[{"embeddable":true,"href":"https:\/\/www.forumeudebatt.se\/index.php?rest_route=\/wp\/v2\/media\/1610"}],"wp:attachment":[{"href":"https:\/\/www.forumeudebatt.se\/index.php?rest_route=%2Fwp%2Fv2%2Fmedia&parent=1607"}],"wp:term":[{"taxonomy":"category","embeddable":true,"href":"https:\/\/www.forumeudebatt.se\/index.php?rest_route=%2Fwp%2Fv2%2Fcategories&post=1607"},{"taxonomy":"post_tag","embeddable":true,"href":"https:\/\/www.forumeudebatt.se\/index.php?rest_route=%2Fwp%2Fv2%2Ftags&post=1607"}],"curies":[{"name":"wp","href":"https:\/\/api.w.org\/{rel}","templated":true}]}}