{"id":1627,"date":"2021-10-27T08:05:58","date_gmt":"2021-10-27T08:05:58","guid":{"rendered":"http:\/\/www.forumeudebatt.se\/?p=1627"},"modified":"2023-02-08T19:36:49","modified_gmt":"2023-02-08T19:36:49","slug":"hur-mycket-makt-skall-till-bryssel","status":"publish","type":"post","link":"https:\/\/www.forumeudebatt.se\/?p=1627","title":{"rendered":"Hur mycket makt skall till Bryssel?"},"content":{"rendered":"<h4>Videon fr\u00e5n seminariet tillg\u00e4nglig: <a href=\"https:\/\/youtu.be\/spNw_ViunvY\" target=\"_blank\" rel=\"noopener noreferrer\">L\u00c4N<\/a>K<\/h4>\n<p>&#8212;&#8212;&#8212;&#8212;&#8212;&#8212;&#8212; x&nbsp;&#8212;&#8212;&#8212;&#8212;&#8212;&#8212;&#8212;<\/p>\n<p><strong>&nbsp;<\/strong><strong style=\"color: var( --e-global-color-text ); font-family: var( --e-global-typography-text-font-family ), Sans-serif; font-size: var(--global--font-size-base);\">Forum f\u00f6r EU-debatt och Arena Id\u00e9 inbjuder till seminarium<\/strong><\/p>\n<p><strong>Tisdagen den 9 november 2021, kl. 15.00\u201316.30.<\/strong><\/p>\n<p>OBS. F\u00f6r deltagande kr\u00e4vs anm\u00e4lan. L\u00e4nkar f\u00f6r anm\u00e4lan finns l\u00e4ngst ned p\u00e5 sidan<\/p>\n<p><a href=\"https:\/\/www.forumeudebatt.se\/wp-content\/uploads\/2021\/10\/9-nov-2011-mindre-bs.png\"><img decoding=\"async\" loading=\"lazy\" class=\"alignleft size-thumbnail wp-image-1629\" src=\"https:\/\/www.forumeudebatt.se\/wp-content\/uploads\/2021\/10\/9-nov-2011-mindre-bs-150x150.png\" alt=\"\" width=\"150\" height=\"150\"><\/a>V\u00e5ren 2021 fattade Sveriges riksdag beslut, under stor enighet, om den s\u00e5 kallade \u00e5terh\u00e4mtnings\u00adfonden, som innebar att EU skall l\u00e5na upp 750 miljarder euro f\u00f6r att hj\u00e4lpa medlems\u00adl\u00e4nderna att \u00e5terh\u00e4mta sig fr\u00e5n coronakrisen. Detta st\u00f6dprogram och dess finansiering \u00e4r ett av de senaste exempel p\u00e5 f\u00f6rflyttning av makt fr\u00e5n de nationella parlamenten till Bryssel.<\/p>\n<p>Varje beslut som flyttar fram EU:s positioner framst\u00e5r kanske inte som s\u00e4rskilt dramatiskt i sig \u2013 undantaget var bildandet av EMU och n\u00e4mnda \u00e5terh\u00e4mtningsfond \u2013 men sammantaget har de inneburit en v\u00e4sentlig maktf\u00f6rskjutning till Bryssel.<\/p>\n<p>P\u00e5 ett antal omr\u00e5den f\u00f6religger det prop\u00e5er om ytterligare makt\u00f6verf\u00f6ring till EU. Ett exempel \u00e4r den s\u00e5 kallade sociala pelaren vilken syftar till att bland annat lagstifta om minimil\u00f6ner &#8211; vilket strider mot svenska modellen f\u00f6r l\u00f6nebildningen &#8211; en europeisk arbetsl\u00f6shetsf\u00f6rs\u00e4kring och en arbetsmarknadsmyndigheten. Coronaepedemin har \u00e4ven f\u00f6ranlett kommissionsordf\u00f6rande Ursula von der Leyen att f\u00f6resl\u00e5 att EU skall utvecklas mot en h\u00e4lsounion. I diskussionen n\u00e4mns \u00e4ven till exempel skapandet av en f\u00f6rsvarsunion, f\u00e5 kapital- och bankunionen plats samt samordning av migrationspolitiken.<\/p>\n<p>Ett argument mot maktf\u00f6rskjutningen \u00e4r att den kan strida mot EUs subsidiaritetsprincip &#8211; det politiska beslutsfattande ska vara decentraliserat till l\u00e4gsta m\u00f6jliga niv\u00e5. Beslutsfattande p\u00e5 nationell eller lokal niv\u00e5 kan bygga p\u00e5 b\u00e4ttre information om lokala preferenser och ekonomiska f\u00f6rh\u00e5llanden och det \u00e4r l\u00e4ttare f\u00f6r v\u00e4ljarna att utkr\u00e4va ansvar n\u00e4r besluten \u00e4r nationella eller lokala.<\/p>\n<p>Problemst\u00e4llningen kring makt\u00f6verf\u00f6ring till Bryssel fr\u00e5n nationalstaterna kommer att diskuteras p\u00e5 seminariet av paneldeltagarna.<\/p>\n<p>Medverkande:<\/p>\n<p><strong>Lars Anell<\/strong>, f. d. ambassad\u00f6r vid EU<\/p>\n<p><strong>Daniel Tarschys<\/strong>, professor emeritus i statsvetenskap, f. d. generalsekreterare i Europar\u00e5det<\/p>\n<p><strong>Lisa Pelling<\/strong>, statsvetare och chef f\u00f6r Arena Id\u00e9<\/p>\n<p><strong>Fredrik Johansson<\/strong>, huvudsekreterare i Moderaternas id\u00e9programkommitt\u00e9<\/p>\n<p>Moderator: <strong>Eva Nisser<\/strong><\/p>\n<p>Seminariet den 9 november, 15.00-16.30 s\u00e4nds via webb fr\u00e5n Arena Id\u00e9s lokaler. Vill du f\u00f6lja webbinariet via internet kan du skicka din anm\u00e4lan till Arena Id\u00e9: <a href=\"https:\/\/mailchi.mp\/arenagruppen\/hur-mycket-makt-ska-till-bryssel\" target=\"_blank\" rel=\"noopener noreferrer\"><strong>L\u00c4NK<\/strong><\/a><\/p>\n<p>Seminariet \u00e4ger rum i Arenagruppens lokaler, Barnhusgatan 4, Stockholm och en mindre publik kan erbjudas plats. Anm\u00e4lan \u00e4r obligatorisk om du vill deltaga med plats p\u00e5 seminariet men kan inte garanteras d\u00e5 dessa \u00e4r begr\u00e4nsade: <a href=\"https:\/\/mailchi.mp\/arenagruppen\/hur-mycket-makt-ska-till-bryssel-boka-plats\" target=\"_blank\" rel=\"noopener noreferrer\"><strong>L\u00c4NK<\/strong><\/a><\/p>\n<p>Efter anm\u00e4lan f\u00e5r du en p\u00e5minnelse via epost fr\u00e5n Arena Id\u00e9.<\/p>\n<p><strong>&nbsp;<\/strong><\/p>\n<p><strong>V\u00e4lkommen med din anm\u00e4lan<\/strong><\/p>\n<p>Arena Id\u00e9 har \u00e4ven denna information p\u00e5 sin hemsida: <strong><a href=\"https:\/\/arenaide.se\/kalender\/hur-mycket-makt-ska-till-bryssel\/\" target=\"_blank\" rel=\"noopener noreferrer\">L\u00c4NK<\/a><\/strong><\/p>\n<p>Arrangemang \u00e4r ett samarbete mellan Arena Id\u00e9 och Forum f\u00f6r EU-debatt.<\/p>\n","protected":false},"excerpt":{"rendered":"<p>Se videon fr\u00e5n seminariet den 9 november 2021.<\/p>\n<p>Lars Anell, f.d. ambassad\u00f6r vid EU, Daniel Tarschys, f.d. generalsekreterare i Europar\u00e5det, Lisa Pelling, Arena Id\u00e9, och Fredrik Johansson diskuterade tendenserna till Bryssels \u00f6kande dominans visavi medlemsl\u00e4nderna.<\/p>\n","protected":false},"author":1,"featured_media":1629,"comment_status":"closed","ping_status":"open","sticky":false,"template":"","format":"standard","meta":{"_mi_skip_tracking":false},"categories":[1],"tags":[],"_links":{"self":[{"href":"https:\/\/www.forumeudebatt.se\/index.php?rest_route=\/wp\/v2\/posts\/1627"}],"collection":[{"href":"https:\/\/www.forumeudebatt.se\/index.php?rest_route=\/wp\/v2\/posts"}],"about":[{"href":"https:\/\/www.forumeudebatt.se\/index.php?rest_route=\/wp\/v2\/types\/post"}],"author":[{"embeddable":true,"href":"https:\/\/www.forumeudebatt.se\/index.php?rest_route=\/wp\/v2\/users\/1"}],"replies":[{"embeddable":true,"href":"https:\/\/www.forumeudebatt.se\/index.php?rest_route=%2Fwp%2Fv2%2Fcomments&post=1627"}],"version-history":[{"count":29,"href":"https:\/\/www.forumeudebatt.se\/index.php?rest_route=\/wp\/v2\/posts\/1627\/revisions"}],"predecessor-version":[{"id":1869,"href":"https:\/\/www.forumeudebatt.se\/index.php?rest_route=\/wp\/v2\/posts\/1627\/revisions\/1869"}],"wp:featuredmedia":[{"embeddable":true,"href":"https:\/\/www.forumeudebatt.se\/index.php?rest_route=\/wp\/v2\/media\/1629"}],"wp:attachment":[{"href":"https:\/\/www.forumeudebatt.se\/index.php?rest_route=%2Fwp%2Fv2%2Fmedia&parent=1627"}],"wp:term":[{"taxonomy":"category","embeddable":true,"href":"https:\/\/www.forumeudebatt.se\/index.php?rest_route=%2Fwp%2Fv2%2Fcategories&post=1627"},{"taxonomy":"post_tag","embeddable":true,"href":"https:\/\/www.forumeudebatt.se\/index.php?rest_route=%2Fwp%2Fv2%2Ftags&post=1627"}],"curies":[{"name":"wp","href":"https:\/\/api.w.org\/{rel}","templated":true}]}}