{"id":1900,"date":"2023-03-29T09:11:21","date_gmt":"2023-03-29T09:11:21","guid":{"rendered":"https:\/\/www.forumeudebatt.se\/?p=1900"},"modified":"2023-03-29T09:15:29","modified_gmt":"2023-03-29T09:15:29","slug":"debattartikel-i-svd","status":"publish","type":"post","link":"https:\/\/www.forumeudebatt.se\/?p=1900","title":{"rendered":"Debattartikel i SvD"},"content":{"rendered":"<p>Nils Lundgren och Birgitta Swedenborg argumenterar i artikeln <em>Skapa en inre och yttre krets inom EU,<\/em> f\u00f6r att l\u00e5ta olika l\u00e4nder g\u00e5 olika l\u00e5ngt i integrationen inom EU, dvs mer av flexibel integration. <strong><a href=\"https:\/\/www.svd.se\/a\/4ox03g\/skapa-en-inre-och-yttre-krets-inom-eu-skriver-nils-lundgren-och-birgitta-swedenborg?fbclid=IwAR0gi_q7U8cThEkRsOt8muTsHQLlxZJK8nrRlzULc04efrfMrGejIJ4_Ss8\" target=\"_blank\" rel=\"noopener\">Artikel i SvD <\/a><\/strong>\u00a0(23-03-28). Artikeln kan ligga bakom s k betalv\u00e4gg.<\/p>\n","protected":false},"excerpt":{"rendered":"<p>Nils Lundgren och Birgitta Swedenborg argumenterar i artikeln Skapa en inre och yttre krets inom EU, f\u00f6r att l\u00e5ta olika l\u00e4nder g\u00e5 olika l\u00e5ngt i integrationen inom EU, dvs mer av flexibel integration.<\/p>\n","protected":false},"author":1,"featured_media":1904,"comment_status":"closed","ping_status":"open","sticky":false,"template":"","format":"standard","meta":{"_mi_skip_tracking":false},"categories":[1],"tags":[],"_links":{"self":[{"href":"https:\/\/www.forumeudebatt.se\/index.php?rest_route=\/wp\/v2\/posts\/1900"}],"collection":[{"href":"https:\/\/www.forumeudebatt.se\/index.php?rest_route=\/wp\/v2\/posts"}],"about":[{"href":"https:\/\/www.forumeudebatt.se\/index.php?rest_route=\/wp\/v2\/types\/post"}],"author":[{"embeddable":true,"href":"https:\/\/www.forumeudebatt.se\/index.php?rest_route=\/wp\/v2\/users\/1"}],"replies":[{"embeddable":true,"href":"https:\/\/www.forumeudebatt.se\/index.php?rest_route=%2Fwp%2Fv2%2Fcomments&post=1900"}],"version-history":[{"count":5,"href":"https:\/\/www.forumeudebatt.se\/index.php?rest_route=\/wp\/v2\/posts\/1900\/revisions"}],"predecessor-version":[{"id":1907,"href":"https:\/\/www.forumeudebatt.se\/index.php?rest_route=\/wp\/v2\/posts\/1900\/revisions\/1907"}],"wp:featuredmedia":[{"embeddable":true,"href":"https:\/\/www.forumeudebatt.se\/index.php?rest_route=\/wp\/v2\/media\/1904"}],"wp:attachment":[{"href":"https:\/\/www.forumeudebatt.se\/index.php?rest_route=%2Fwp%2Fv2%2Fmedia&parent=1900"}],"wp:term":[{"taxonomy":"category","embeddable":true,"href":"https:\/\/www.forumeudebatt.se\/index.php?rest_route=%2Fwp%2Fv2%2Fcategories&post=1900"},{"taxonomy":"post_tag","embeddable":true,"href":"https:\/\/www.forumeudebatt.se\/index.php?rest_route=%2Fwp%2Fv2%2Ftags&post=1900"}],"curies":[{"name":"wp","href":"https:\/\/api.w.org\/{rel}","templated":true}]}}