{"id":1910,"date":"2023-10-12T17:21:34","date_gmt":"2023-10-12T17:21:34","guid":{"rendered":"https:\/\/www.forumeudebatt.se\/?p=1910"},"modified":"2023-10-13T14:55:47","modified_gmt":"2023-10-13T14:55:47","slug":"inga-skal-att-tanka-om-kring-euron","status":"publish","type":"post","link":"https:\/\/www.forumeudebatt.se\/?p=1910","title":{"rendered":"Inga sk\u00e4l att t\u00e4nka om kring euron"},"content":{"rendered":"<p>Michael Sohlman argumenterar f\u00f6r att Sverige har gynnats av att st\u00e5 utanf\u00f6r EU:s valutasamarbete. I artikeln pekar Sohlman p\u00e5 ett antal argument som talar emot att vi borde ansluta oss till euron. Artikeln \u00e4r publicerad p\u00e5 webbtidningen <a href=\"https:\/\/www.dagensarena.se\/essa\/inga-skal-att-tanka-om-kring-euron\/\" target=\"_blank\" rel=\"noopener\"><strong>Dagens Arena<\/strong><\/a>.<\/p>\n","protected":false},"excerpt":{"rendered":"<p>Michael Sohlman argumenterar f\u00f6r att Sverige har gynnats av att st\u00e5 utanf\u00f6r euron. I artikeln pekar Sohlman p\u00e5 ett antal argument som talar emot att vi borde ansluta oss till euron.\u00a0<\/p>\n","protected":false},"author":1,"featured_media":1920,"comment_status":"closed","ping_status":"open","sticky":false,"template":"","format":"standard","meta":{"_mi_skip_tracking":false},"categories":[1],"tags":[],"_links":{"self":[{"href":"https:\/\/www.forumeudebatt.se\/index.php?rest_route=\/wp\/v2\/posts\/1910"}],"collection":[{"href":"https:\/\/www.forumeudebatt.se\/index.php?rest_route=\/wp\/v2\/posts"}],"about":[{"href":"https:\/\/www.forumeudebatt.se\/index.php?rest_route=\/wp\/v2\/types\/post"}],"author":[{"embeddable":true,"href":"https:\/\/www.forumeudebatt.se\/index.php?rest_route=\/wp\/v2\/users\/1"}],"replies":[{"embeddable":true,"href":"https:\/\/www.forumeudebatt.se\/index.php?rest_route=%2Fwp%2Fv2%2Fcomments&post=1910"}],"version-history":[{"count":4,"href":"https:\/\/www.forumeudebatt.se\/index.php?rest_route=\/wp\/v2\/posts\/1910\/revisions"}],"predecessor-version":[{"id":1922,"href":"https:\/\/www.forumeudebatt.se\/index.php?rest_route=\/wp\/v2\/posts\/1910\/revisions\/1922"}],"wp:featuredmedia":[{"embeddable":true,"href":"https:\/\/www.forumeudebatt.se\/index.php?rest_route=\/wp\/v2\/media\/1920"}],"wp:attachment":[{"href":"https:\/\/www.forumeudebatt.se\/index.php?rest_route=%2Fwp%2Fv2%2Fmedia&parent=1910"}],"wp:term":[{"taxonomy":"category","embeddable":true,"href":"https:\/\/www.forumeudebatt.se\/index.php?rest_route=%2Fwp%2Fv2%2Fcategories&post=1910"},{"taxonomy":"post_tag","embeddable":true,"href":"https:\/\/www.forumeudebatt.se\/index.php?rest_route=%2Fwp%2Fv2%2Ftags&post=1910"}],"curies":[{"name":"wp","href":"https:\/\/api.w.org\/{rel}","templated":true}]}}