{"id":1924,"date":"2023-10-21T11:34:47","date_gmt":"2023-10-21T11:34:47","guid":{"rendered":"https:\/\/www.forumeudebatt.se\/?p=1924"},"modified":"2023-10-21T12:02:04","modified_gmt":"2023-10-21T12:02:04","slug":"en-egen-valuta-ar-bra-for-sverige","status":"publish","type":"post","link":"https:\/\/www.forumeudebatt.se\/?p=1924","title":{"rendered":"En egen valuta \u00e4r bra f\u00f6r Sverige"},"content":{"rendered":"<p>Birgitta Swedenborg p\u00e5pekar i sin SvD-artikel att dessa p\u00e5st\u00e5ende \u00e4r b\u00e5de osakliga och vilseledande. Argumenten f\u00f6r att beh\u00e5lla svenska kronan \u00e4r minst lika starka i dag som f\u00f6r 20 \u00e5r sedan, d\u00e5 en \u00f6verv\u00e4ldigande majoritet (56 procent) av svenska folket r\u00f6stade f\u00f6r att st\u00e5 utanf\u00f6r EMU. Det kan vara sk\u00e4l att p\u00e5minna om detta.<\/p>\n<p><strong><a href=\"https:\/\/www.svd.se\/a\/zE2owq\/birgitta-swedenborg-en-egen-valuta-ar-bra-for-sverige\" target=\"_blank\" rel=\"noopener\">L\u00e4nk till SvD-artikeln<\/a><\/strong><\/p>\n","protected":false},"excerpt":{"rendered":"<p>Det s\u00e4gs att den svenska kronan blivit en skr\u00e4pvaluta, att den har gjort Sverige fattigare och dessutom orsakar inflation. Allt detta skulle vi ha sluppit om vi i st\u00e4llet valt euron som valuta. Birgitta Swedenborg bem\u00f6ter dessa argument i sin SvD-artikel 2023-10-21<\/p>\n","protected":false},"author":1,"featured_media":1928,"comment_status":"closed","ping_status":"open","sticky":false,"template":"","format":"standard","meta":{"_mi_skip_tracking":false},"categories":[1],"tags":[],"_links":{"self":[{"href":"https:\/\/www.forumeudebatt.se\/index.php?rest_route=\/wp\/v2\/posts\/1924"}],"collection":[{"href":"https:\/\/www.forumeudebatt.se\/index.php?rest_route=\/wp\/v2\/posts"}],"about":[{"href":"https:\/\/www.forumeudebatt.se\/index.php?rest_route=\/wp\/v2\/types\/post"}],"author":[{"embeddable":true,"href":"https:\/\/www.forumeudebatt.se\/index.php?rest_route=\/wp\/v2\/users\/1"}],"replies":[{"embeddable":true,"href":"https:\/\/www.forumeudebatt.se\/index.php?rest_route=%2Fwp%2Fv2%2Fcomments&post=1924"}],"version-history":[{"count":9,"href":"https:\/\/www.forumeudebatt.se\/index.php?rest_route=\/wp\/v2\/posts\/1924\/revisions"}],"predecessor-version":[{"id":1939,"href":"https:\/\/www.forumeudebatt.se\/index.php?rest_route=\/wp\/v2\/posts\/1924\/revisions\/1939"}],"wp:featuredmedia":[{"embeddable":true,"href":"https:\/\/www.forumeudebatt.se\/index.php?rest_route=\/wp\/v2\/media\/1928"}],"wp:attachment":[{"href":"https:\/\/www.forumeudebatt.se\/index.php?rest_route=%2Fwp%2Fv2%2Fmedia&parent=1924"}],"wp:term":[{"taxonomy":"category","embeddable":true,"href":"https:\/\/www.forumeudebatt.se\/index.php?rest_route=%2Fwp%2Fv2%2Fcategories&post=1924"},{"taxonomy":"post_tag","embeddable":true,"href":"https:\/\/www.forumeudebatt.se\/index.php?rest_route=%2Fwp%2Fv2%2Ftags&post=1924"}],"curies":[{"name":"wp","href":"https:\/\/api.w.org\/{rel}","templated":true}]}}