{"id":213,"date":"2013-04-24T10:28:01","date_gmt":"2013-04-24T10:28:01","guid":{"rendered":"http:\/\/www.forumeudebatt.se\/?p=213"},"modified":"2014-02-18T10:45:44","modified_gmt":"2014-02-18T10:45:44","slug":"susidiaritetsprincipen-film-fran-presentation-och-debatt","status":"publish","type":"post","link":"https:\/\/www.forumeudebatt.se\/?p=213","title":{"rendered":"Susidiaritetsprincipen &#8211; film fr\u00e5n presentation och debatt"},"content":{"rendered":"<p style=\"text-align: center;\"><a href=\"http:\/\/www.forumeudebatt.se\/content\/uploads\/2013\/05\/Ami-23-april.jpg\"><img decoding=\"async\" loading=\"lazy\" class=\"aligncenter  wp-image-441\" alt=\"Ami 23 april\" src=\"http:\/\/www.forumeudebatt.se\/content\/uploads\/2013\/05\/Ami-23-april-1024x401.jpg\" width=\"663\" height=\"260\" srcset=\"https:\/\/www.forumeudebatt.se\/wp-content\/uploads\/2013\/05\/Ami-23-april-1024x401.jpg 1024w, https:\/\/www.forumeudebatt.se\/wp-content\/uploads\/2013\/05\/Ami-23-april-300x117.jpg 300w, https:\/\/www.forumeudebatt.se\/wp-content\/uploads\/2013\/05\/Ami-23-april.jpg 1622w\" sizes=\"(max-width: 663px) 100vw, 663px\" \/><\/a><\/p>\n<p style=\"text-align: left;\">Anne-Marie P\u00e5lsson presenterade sin rapport <em>Subsidiaritet &#8211; ett tomt l\u00f6fte<\/em> p\u00e5 Forum f\u00f6r EU-debatt den 23 april 2013 i Stockholm. Inbjudna f\u00f6r att diskutera rapporten var Per Gahrton,\u00a0Allan Widman, FP och Joakim Nergelius, professor i r\u00e4ttsvetenskap vid \u00d6rebro universitet. Moderator f\u00f6r seminariet var\u00a0Michael Sohlman.<\/p>\n<p>Anne-Marie P\u00e5lssons rapport \u00e4r den f\u00f6rsta i en serie av rapporter som Forum f\u00f6r EU-debatt kommer att publicera.<\/p>\n<p>Rapporten, som PDF-fil, g\u00e5r att ladda ned <strong><a href=\"http:\/\/www.forumeudebatt.se\/content\/uploads\/2013\/04\/Subsidiaritet-Anne-Marie-P%C3%A5lsson.pdf\" target=\"_blank\">h\u00e4r<\/a><\/strong>.<\/p>\n<p>Filmen, uppdelad i tre delar, g\u00e5r att se:<\/p>\n<p><a href=\"http:\/\/www.youtube.com\/watch?v=mOjtqtdMn7o\" target=\"_blank\">Avsnitt 1<\/a><\/p>\n<p><a href=\"https:\/\/www.youtube.com\/watch?v=l1tAR56vzZw\" target=\"_blank\">Avsnitt 2<\/a><\/p>\n<p><a href=\"http:\/\/www.youtube.com\/watch?v=Xmb4czx__vM&amp;feature=youtu.be\" target=\"_blank\">Avsnitt 3<\/a><\/p>\n<p>Ett sammandrag av debatten och kommentarerna till Anne-Marie P\u00e5lssons rapport finns \u00e4ven tillg\u00e4ngligt &#8211; <strong><a href=\"http:\/\/www.youtube.com\/watch?v=7PWBI4ocksM\" target=\"_blank\">klicka h\u00e4r<\/a>.<\/strong><\/p>\n<p>I n\u00e4ttidningen Politiken.se finns en recension av Anne-Marie P\u00e5lssons skrift &#8211; <strong><a href=\"http:\/\/cdml.positionett.se\/politiken\/FMPro?-db=ArtiklarOff.fp5&amp;-lay=Alla&amp;-format=instick\/artikelEnskild2.htm&amp;-lop=AND&amp;-op=eq&amp;ID=218363&amp;-Token.0=FF6666&amp;-Token.7=&amp;-Token.8=leberg&amp;-Token.9=O0fxO0uvw78eo5fs8QZ2&amp;-find=\" target=\"_blank\">klicka h\u00e4r<\/a><\/strong>.<\/p>\n<p>&nbsp;<\/p>\n<p>&nbsp;<\/p>\n<p>&nbsp;<\/p>\n<p>&nbsp;<\/p>\n<p>&nbsp;<\/p>\n","protected":false},"excerpt":{"rendered":"<p>Rapporten som ligger till grund f\u00f6r Anne-Marie P\u00e5lssons seminarium om subsidiaritetsprincipen den 23 april 2013 kan laddas ned och det finns \u00e4ven m\u00f6jlighet att se filmupptagningen fr\u00e5n samma seminarium.<\/p>\n","protected":false},"author":1,"featured_media":226,"comment_status":"open","ping_status":"open","sticky":false,"template":"","format":"standard","meta":{"_mi_skip_tracking":false},"categories":[1],"tags":[],"_links":{"self":[{"href":"https:\/\/www.forumeudebatt.se\/index.php?rest_route=\/wp\/v2\/posts\/213"}],"collection":[{"href":"https:\/\/www.forumeudebatt.se\/index.php?rest_route=\/wp\/v2\/posts"}],"about":[{"href":"https:\/\/www.forumeudebatt.se\/index.php?rest_route=\/wp\/v2\/types\/post"}],"author":[{"embeddable":true,"href":"https:\/\/www.forumeudebatt.se\/index.php?rest_route=\/wp\/v2\/users\/1"}],"replies":[{"embeddable":true,"href":"https:\/\/www.forumeudebatt.se\/index.php?rest_route=%2Fwp%2Fv2%2Fcomments&post=213"}],"version-history":[{"count":37,"href":"https:\/\/www.forumeudebatt.se\/index.php?rest_route=\/wp\/v2\/posts\/213\/revisions"}],"predecessor-version":[{"id":234,"href":"https:\/\/www.forumeudebatt.se\/index.php?rest_route=\/wp\/v2\/posts\/213\/revisions\/234"}],"wp:featuredmedia":[{"embeddable":true,"href":"https:\/\/www.forumeudebatt.se\/index.php?rest_route=\/wp\/v2\/media\/226"}],"wp:attachment":[{"href":"https:\/\/www.forumeudebatt.se\/index.php?rest_route=%2Fwp%2Fv2%2Fmedia&parent=213"}],"wp:term":[{"taxonomy":"category","embeddable":true,"href":"https:\/\/www.forumeudebatt.se\/index.php?rest_route=%2Fwp%2Fv2%2Fcategories&post=213"},{"taxonomy":"post_tag","embeddable":true,"href":"https:\/\/www.forumeudebatt.se\/index.php?rest_route=%2Fwp%2Fv2%2Ftags&post=213"}],"curies":[{"name":"wp","href":"https:\/\/api.w.org\/{rel}","templated":true}]}}