{"id":23,"date":"2013-04-18T12:38:12","date_gmt":"2013-04-18T12:38:12","guid":{"rendered":"http:\/\/www.forumeudebatt.se\/?p=23"},"modified":"2013-04-23T07:17:10","modified_gmt":"2013-04-23T07:17:10","slug":"hemsida-under-uppbyggnad","status":"publish","type":"post","link":"https:\/\/www.forumeudebatt.se\/?p=23","title":{"rendered":"V\u00e4lkommen till v\u00e5r hemsida"},"content":{"rendered":"<p><a href=\"http:\/\/www.forumeudebatt.se\/content\/uploads\/2013\/04\/Michael_Sohlman-x.jpg\">\u00a0<\/a>EU-debatten m\u00e5ste vitaliseras i Sverige. D\u00e4rf\u00f6r har vi startat tankesmedjan Forum f\u00f6r EU-debatt.\u00a0Tankesmedjan st\u00e5r fri fr\u00e5n politiska partier. Dess v\u00e4rdegrund \u00e4r att st\u00f6dja ett fritt och \u00f6ppet Europa, d\u00e4r medborgarna kan v\u00e4lja var de vill bo, arbeta och studera. V\u00e4rdegrunden inneb\u00e4r ett ja till handel och ekonomiskt samarbete i EU, ett ja till ekonomisk \u00f6ppenhet mot omv\u00e4rlden och ett ja till noggrant vaktsl\u00e5ende om demokrati och\u00a0m\u00e4nskliga r\u00e4ttigheter i medlemsl\u00e4nderna. V\u00e4rdegrunden inneb\u00e4r d\u00e4remot ett nej till \u00f6kad \u00f6verstatlighet och nej till skapandet av en EU-stat.<\/p>\n<p>Under fliken <a href=\"http:\/\/www.forumeudebatt.se\/?page_id=5\" target=\"_blank\">Om oss<\/a> finns mer information om tankesmedjan dess styrelsens och det f\u00f6rtroender\u00e5d som \u00e4r knutet till initiativet.<\/p>\n<p>En utf\u00f6rligare presentation av Forum f\u00f6r EU-debatt finns i den nedladdningsbara PDF-filen:\u00a0<a href=\"http:\/\/www.forumeudebatt.se\/content\/uploads\/2013\/04\/Forum-f%C3%B6r-EU-debatt-en-presentation.pdf\" target=\"_blank\">Forum f\u00f6r EU-debatt \u2013 en presentation<\/a><\/p>\n<p>&nbsp;<\/p>\n<p>&nbsp;<\/p>\n<p>&nbsp;<\/p>\n","protected":false},"excerpt":{"rendered":"<p> EU-debatten m\u00e5ste vitaliseras i Sverige. D\u00e4rf\u00f6r har vi startat tankesmedjan Forum f\u00f6r EU-debatt. Tankesmedjan st\u00e5r fri fr\u00e5n politiska partier. Dess v\u00e4rdegrund \u00e4r att st\u00f6dja ett fritt och \u00f6ppet Europa, d\u00e4r medborgarna kan v\u00e4lja var de vill bo, arbeta och studera. V\u00e4rdegrunden inneb\u00e4r ett ja till handel och ekonomiskt samarbete i EU, ett ja till ekonomisk \u00f6ppenhet mot omv\u00e4rlden och ett ja till noggrant vaktsl\u00e5ende om demokrati och m\u00e4nskliga r\u00e4ttigheter i medlemsl\u00e4nderna. V\u00e4rdegrunden inneb\u00e4r d\u00e4remot ett nej till \u00f6kad \u00f6verstatlighet och nej till skapandet av en EU-stat.<\/p>\n","protected":false},"author":1,"featured_media":70,"comment_status":"open","ping_status":"open","sticky":false,"template":"","format":"standard","meta":{"_mi_skip_tracking":false},"categories":[1],"tags":[],"_links":{"self":[{"href":"https:\/\/www.forumeudebatt.se\/index.php?rest_route=\/wp\/v2\/posts\/23"}],"collection":[{"href":"https:\/\/www.forumeudebatt.se\/index.php?rest_route=\/wp\/v2\/posts"}],"about":[{"href":"https:\/\/www.forumeudebatt.se\/index.php?rest_route=\/wp\/v2\/types\/post"}],"author":[{"embeddable":true,"href":"https:\/\/www.forumeudebatt.se\/index.php?rest_route=\/wp\/v2\/users\/1"}],"replies":[{"embeddable":true,"href":"https:\/\/www.forumeudebatt.se\/index.php?rest_route=%2Fwp%2Fv2%2Fcomments&post=23"}],"version-history":[{"count":36,"href":"https:\/\/www.forumeudebatt.se\/index.php?rest_route=\/wp\/v2\/posts\/23\/revisions"}],"predecessor-version":[{"id":25,"href":"https:\/\/www.forumeudebatt.se\/index.php?rest_route=\/wp\/v2\/posts\/23\/revisions\/25"}],"wp:featuredmedia":[{"embeddable":true,"href":"https:\/\/www.forumeudebatt.se\/index.php?rest_route=\/wp\/v2\/media\/70"}],"wp:attachment":[{"href":"https:\/\/www.forumeudebatt.se\/index.php?rest_route=%2Fwp%2Fv2%2Fmedia&parent=23"}],"wp:term":[{"taxonomy":"category","embeddable":true,"href":"https:\/\/www.forumeudebatt.se\/index.php?rest_route=%2Fwp%2Fv2%2Fcategories&post=23"},{"taxonomy":"post_tag","embeddable":true,"href":"https:\/\/www.forumeudebatt.se\/index.php?rest_route=%2Fwp%2Fv2%2Ftags&post=23"}],"curies":[{"name":"wp","href":"https:\/\/api.w.org\/{rel}","templated":true}]}}