{"id":240,"date":"2013-04-24T08:20:53","date_gmt":"2013-04-24T08:20:53","guid":{"rendered":"http:\/\/www.forumeudebatt.se\/?p=240"},"modified":"2014-02-24T21:02:37","modified_gmt":"2014-02-24T21:02:37","slug":"subsidiaritetsprincipen-attitydundersokning","status":"publish","type":"post","link":"https:\/\/www.forumeudebatt.se\/?p=240","title":{"rendered":"Subsidiaritetsprincipen &#8211; attitydunders\u00f6kning"},"content":{"rendered":"<p>I samband med Anne-Marie P\u00e5lsson\u00a0<span style=\"font-size: 13px; line-height: 19px;\">presenterade sin<\/span><span style=\"font-size: 13px; line-height: 19px;\">\u00a0rapport <\/span><em style=\"font-size: 13px; line-height: 19px;\">Subsidiaritet \u2013 ett tomt l\u00f6fte<\/em><span style=\"font-size: 13px; line-height: 19px;\"> p\u00e5 Forum f\u00f6r EU-debatts seminarium den 23 april i Stockholm redogjordes ocks\u00e5 f\u00f6r resultat fr\u00e5n en attitydunders\u00f6kning med anknytning till seminariets \u00e4mnesomr\u00e5de<\/span><span style=\"font-size: 13px; line-height: 19px;\">.<\/span><\/p>\n<p>P\u00e5 fr\u00e5gan om intervjupersonerna k\u00e4nde till EUs subsidiaritetsprincip, som ocks\u00e5 kallas n\u00e4rhetsprincipen (som ska garantera att beslut fattas s\u00e5 n\u00e4ra medborgarna som m\u00f6jligt) visade det sig att endast 28 procent svarade ja p\u00e5 fr\u00e5gan. Det finns relativt stora skillnader mellan partierna d\u00e4r intervjupersoner som sympatiserar med Folkpartiet utm\u00e4rkte sig med 47 procent ja-svar. Minst antal ja-svar \u00e5terfinns bland Sverigedemokrater och Socialdemokrater. Som v\u00e4ntat var okunskapen st\u00f6rst bland de unga: endast 21 procent i \u00e5ldersgruppen 16-39 \u00e5r uppgav att de k\u00e4nde till subsidiaritetsprincip. F\u00f6r \u00e5ldersgruppen 40-49 \u00e5r uppgick ja-svaren till 26 procent.<\/p>\n<p>Intervjupersoner i \u00e5ldersgruppen 40-49 \u00e5r utm\u00e4rkte sig ocks\u00e5 p\u00e5 fr\u00e5gan: Vilka m\u00f6jligheter tror du riksdagen har att hindra EU fr\u00e5n att fatta beslut som riksdagen anser ligger utanf\u00f6r EU s befogenhet? Drygt 70 procent av samtliga intervjupersoner svarade att riksdagen hade inga eller ganska d\u00e5liga m\u00f6jligheter. Studerades svaren utifr\u00e5n intervjupersonernas politiska preferenser framkom att f\u00f6r Folkpartiet och Kristdemokraterna tyckte knappt 40 procent att de hade mycket eller ganska goda m\u00f6jligheter att p\u00e5verka. F\u00f6r V\u00e4nsterpartiet, Milj\u00f6partiet och Socialdemokraterna var motsvarande procentsats mellan 12-17 procent.<\/p>\n<p>De fullst\u00e4ndiga resultaten fr\u00e5n unders\u00f6kningen kan laddas ned<strong><a href=\"http:\/\/www.forumeudebatt.se\/content\/uploads\/2013\/04\/Forum-f%C3%B6r-EU-debatt-Subsud-stor.pdf\" target=\"_blank\"> h\u00e4r<\/a><\/strong>.<\/p>\n","protected":false},"excerpt":{"rendered":"<p>I samband med Anne-Marie P\u00e5lsson presenterade sin rapport Subsidiaritet \u2013 ett tomt l\u00f6fte p\u00e5 Forum f\u00f6r EU-debatts seminarium den 23 april 2013 i Stockholm redogjordes ocks\u00e5 f\u00f6r resultat fr\u00e5n en attitydunders\u00f6kning med anknytning till seminariets \u00e4mnesomr\u00e5de.<\/p>\n","protected":false},"author":1,"featured_media":190,"comment_status":"open","ping_status":"open","sticky":false,"template":"","format":"standard","meta":{"_mi_skip_tracking":false},"categories":[1],"tags":[],"_links":{"self":[{"href":"https:\/\/www.forumeudebatt.se\/index.php?rest_route=\/wp\/v2\/posts\/240"}],"collection":[{"href":"https:\/\/www.forumeudebatt.se\/index.php?rest_route=\/wp\/v2\/posts"}],"about":[{"href":"https:\/\/www.forumeudebatt.se\/index.php?rest_route=\/wp\/v2\/types\/post"}],"author":[{"embeddable":true,"href":"https:\/\/www.forumeudebatt.se\/index.php?rest_route=\/wp\/v2\/users\/1"}],"replies":[{"embeddable":true,"href":"https:\/\/www.forumeudebatt.se\/index.php?rest_route=%2Fwp%2Fv2%2Fcomments&post=240"}],"version-history":[{"count":13,"href":"https:\/\/www.forumeudebatt.se\/index.php?rest_route=\/wp\/v2\/posts\/240\/revisions"}],"predecessor-version":[{"id":252,"href":"https:\/\/www.forumeudebatt.se\/index.php?rest_route=\/wp\/v2\/posts\/240\/revisions\/252"}],"wp:featuredmedia":[{"embeddable":true,"href":"https:\/\/www.forumeudebatt.se\/index.php?rest_route=\/wp\/v2\/media\/190"}],"wp:attachment":[{"href":"https:\/\/www.forumeudebatt.se\/index.php?rest_route=%2Fwp%2Fv2%2Fmedia&parent=240"}],"wp:term":[{"taxonomy":"category","embeddable":true,"href":"https:\/\/www.forumeudebatt.se\/index.php?rest_route=%2Fwp%2Fv2%2Fcategories&post=240"},{"taxonomy":"post_tag","embeddable":true,"href":"https:\/\/www.forumeudebatt.se\/index.php?rest_route=%2Fwp%2Fv2%2Ftags&post=240"}],"curies":[{"name":"wp","href":"https:\/\/api.w.org\/{rel}","templated":true}]}}