{"id":726,"date":"2014-04-14T17:49:13","date_gmt":"2014-04-14T17:49:13","guid":{"rendered":"http:\/\/www.forumeudebatt.se\/?p=726"},"modified":"2014-04-21T18:19:42","modified_gmt":"2014-04-21T18:19:42","slug":"eus-olosta-problem-diskussion-med-akerholm-asbrink-och-tson-soderstrom","status":"publish","type":"post","link":"https:\/\/www.forumeudebatt.se\/?p=726","title":{"rendered":"Diskussion om EUs ol\u00f6sta problem"},"content":{"rendered":"<p style=\"text-align: center;\">\u00a0<a href=\"http:\/\/www.forumeudebatt.se\/content\/uploads\/2014\/04\/akerh-2.jpg\"><img decoding=\"async\" loading=\"lazy\" class=\" wp-image-733 aligncenter\" alt=\"akerh 2\" src=\"http:\/\/www.forumeudebatt.se\/content\/uploads\/2014\/04\/akerh-2-1024x505.jpg\" width=\"819\" height=\"404\" srcset=\"https:\/\/www.forumeudebatt.se\/wp-content\/uploads\/2014\/04\/akerh-2-1024x505.jpg 1024w, https:\/\/www.forumeudebatt.se\/wp-content\/uploads\/2014\/04\/akerh-2-300x147.jpg 300w\" sizes=\"(max-width: 819px) 100vw, 819px\" \/><\/a><\/p>\n<p style=\"text-align: center;\"><em>Johnny \u00c5kerholm, Erik \u00c5sbrink och Hans Tson S\u00f6derstr\u00f6m<\/em><\/p>\n<p style=\"text-align: center;\">Se videon fr\u00e5n seminariet, klicka <strong><a href=\"https:\/\/www.youtube.com\/watch?v=tkWZi4YJ8KU&amp;feature=youtu.be\" target=\"_blank\">h\u00e4r<\/a><\/strong><\/p>\n<p style=\"text-align: left;\">I sin inledning analyserade \u00a0och diskuterade \u00c5kerholm\u00a0de intentioner som fanns bakom EUs tillblivelse samt huruvida dessa intentioner kom att uppfyllas.<\/p>\n<p>Grundproblemet i EU, enligt \u00c5kerholm, \u00e4r dels att man f\u00f6rs\u00f6ker sitta p\u00e5 tv\u00e5 stolar \u2013 fungera som enhet utan att man avst\u00e5r fr\u00e5n nationell beslutander\u00e4tt, dels att det finns starka krafter som f\u00f6rs\u00f6ker f\u00f6ra utvecklingen mot en f\u00f6rbundsstat utan att f\u00f6ra en \u00f6ppen diskussion om\u00a0fr\u00e5gan. Det senare \u00e4r sannolikt det allra st\u00f6rsta problemet; en viktig orsak till\u201d felstegen\u201d under senare \u00e5r och n\u00e5got som i slut\u00e4ndan hotar det positiva som en gemensam marknad kunde f\u00f6ra med sig.<\/p>\n<p>\u00c5kerholms f\u00f6redrag kommenterades och diskuterades av Erik \u00c5sbrink och Hans Tson S\u00f6derstr\u00f6m.\u00a0Moderator i debatten var Forum f\u00f6r EU-debatts ordf\u00f6rande Michael Sohlman.<\/p>\n<p>Inom kort kommer den inspelade filmen fr\u00e5n seminariet att finnas p\u00e5 YouTube och kunna ses via en l\u00e4nk h\u00e4r p\u00e5 hemsidan.<\/p>\n<p>Johnny \u00c5kerholms uppsats <em>Eurogrundst\u00f6tningen<\/em> som finns publicerad i den av tankesmedjan Lokus utgivna boken\u00a0<em>Europas \u00f6de Euron &#8211; omst\u00f6pt eller bortsm\u00e4lt<\/em>, under redaktion av\u00a0Nils Torvalds, kan laddas ned <strong><a href=\"http:\/\/www.forumeudebatt.se\/content\/uploads\/2014\/04\/Akerholms-kapitel-ur-Lokus_sve_webb_low.pdf\" target=\"_blank\">h\u00e4r<\/a><\/strong>.<\/p>\n<p>&nbsp;<\/p>\n<p>Johnny \u00c5kerholm var fram till slutet av 2013 finanspolitiskt sakkunnig i ekonomiska r\u00e5det vid statsr\u00e5dets kansli i Finland.\u00a0Ekonomiska r\u00e5det \u00e4r ett samarbetsorgan f\u00f6r finska regeringen, de centrala intresseorganisationerna och Finlands Bank, som leds av statsministern.\u00a0\u00c5kerholm har tidigare bl a varit verkst\u00e4llande direkt\u00f6r f\u00f6r Nordiska investeringsbanken, avdelningschef f\u00f6r nationalekonomiska avdelningen vid Finlands Bank, understatssekreterare vid finansministeriet samt ordf\u00f6rande f\u00f6r EU:s Ekonomiska och finansiella kommitt\u00e9.<\/p>\n<p>Erik \u00c5sbrink \u00e4r verksam som bl a r\u00e5dgivare till Goldman Sachs och med ett antal styrelseuppdrag. Tidigare var \u00c5sbrink finansminister och riksdagsman (S) samt bl a ordf\u00f6rande i Riksbanksfullm\u00e4ktige.<\/p>\n<p>Hans Tson S\u00f6derstr\u00f6m \u00e4r professor vid Handelsh\u00f6gskolan i Stockholm och har och har haft m\u00e5nga uppdrag inom svenskt n\u00e4ringsliv och organisationsv\u00e4sende\u00a0samt i statliga utredningar. S\u00f6derstr\u00f6m var tidigare bl a VD f\u00f6r SNS\u00a0och VD f\u00f6r Handelsh\u00f6gskolans vidareutbildningsverksamhet.<\/p>\n","protected":false},"excerpt":{"rendered":"<p>Johnny \u00c5kerholm inledde en diskussion under rubriken &#8220;EUs ol\u00f6sta problem&#8221; p\u00e5 Forum f\u00f6r EU-debatts seminarium den 14 april 2014. I panelsamtalet med \u00c5kerholm deltog Erik \u00c5sbrink och Hans Tson S\u00f6derstr\u00f6m.<\/p>\n<p>Videon fr\u00e5n seminariet g\u00e5r att se p\u00e5 hemsidan. Det finns \u00e4ven en artikel att ladda ned som \u00c5kerholm publicerat i en bok utgiven av tanksmedjan Lokus i Finland.<\/p>\n","protected":false},"author":1,"featured_media":732,"comment_status":"open","ping_status":"open","sticky":false,"template":"","format":"standard","meta":{"_mi_skip_tracking":false},"categories":[1],"tags":[],"_links":{"self":[{"href":"https:\/\/www.forumeudebatt.se\/index.php?rest_route=\/wp\/v2\/posts\/726"}],"collection":[{"href":"https:\/\/www.forumeudebatt.se\/index.php?rest_route=\/wp\/v2\/posts"}],"about":[{"href":"https:\/\/www.forumeudebatt.se\/index.php?rest_route=\/wp\/v2\/types\/post"}],"author":[{"embeddable":true,"href":"https:\/\/www.forumeudebatt.se\/index.php?rest_route=\/wp\/v2\/users\/1"}],"replies":[{"embeddable":true,"href":"https:\/\/www.forumeudebatt.se\/index.php?rest_route=%2Fwp%2Fv2%2Fcomments&post=726"}],"version-history":[{"count":22,"href":"https:\/\/www.forumeudebatt.se\/index.php?rest_route=\/wp\/v2\/posts\/726\/revisions"}],"predecessor-version":[{"id":728,"href":"https:\/\/www.forumeudebatt.se\/index.php?rest_route=\/wp\/v2\/posts\/726\/revisions\/728"}],"wp:featuredmedia":[{"embeddable":true,"href":"https:\/\/www.forumeudebatt.se\/index.php?rest_route=\/wp\/v2\/media\/732"}],"wp:attachment":[{"href":"https:\/\/www.forumeudebatt.se\/index.php?rest_route=%2Fwp%2Fv2%2Fmedia&parent=726"}],"wp:term":[{"taxonomy":"category","embeddable":true,"href":"https:\/\/www.forumeudebatt.se\/index.php?rest_route=%2Fwp%2Fv2%2Fcategories&post=726"},{"taxonomy":"post_tag","embeddable":true,"href":"https:\/\/www.forumeudebatt.se\/index.php?rest_route=%2Fwp%2Fv2%2Ftags&post=726"}],"curies":[{"name":"wp","href":"https:\/\/api.w.org\/{rel}","templated":true}]}}