{"id":764,"date":"2014-04-25T13:06:13","date_gmt":"2014-04-25T13:06:13","guid":{"rendered":"http:\/\/www.forumeudebatt.se\/?p=764"},"modified":"2014-05-08T15:52:36","modified_gmt":"2014-05-08T15:52:36","slug":"seminarium-den-5-maj-ny-rapport-av-lars-anell","status":"publish","type":"post","link":"https:\/\/www.forumeudebatt.se\/?p=764","title":{"rendered":"Ny rapport av och seminarium med Lars Anell &#8211; se videon"},"content":{"rendered":"<p style=\"text-align: center;\"><a href=\"http:\/\/www.forumeudebatt.se\/content\/uploads\/2014\/05\/anell-sem-5-maj.jpg\"><img decoding=\"async\" loading=\"lazy\" class=\"wp-image-802 aligncenter\" alt=\"anell sem 5 maj\" src=\"http:\/\/www.forumeudebatt.se\/content\/uploads\/2014\/05\/anell-sem-5-maj-1024x508.jpg\" width=\"789\" height=\"392\" srcset=\"https:\/\/www.forumeudebatt.se\/wp-content\/uploads\/2014\/05\/anell-sem-5-maj-1024x508.jpg 1024w, https:\/\/www.forumeudebatt.se\/wp-content\/uploads\/2014\/05\/anell-sem-5-maj-300x148.jpg 300w, https:\/\/www.forumeudebatt.se\/wp-content\/uploads\/2014\/05\/anell-sem-5-maj.jpg 1601w\" sizes=\"(max-width: 789px) 100vw, 789px\" \/><\/a><\/p>\n<p style=\"text-align: center;\"><em><span style=\"color: #000000;\">Lars Anell,\u00a0Fredrik Sejersted och Sverker Gustavsson<\/span><\/em><\/p>\n<p style=\"text-align: center;\">\u00a0<span style=\"color: #000000;\">Se videoinspelningen fr\u00e5n seminariet &#8211; klicka<strong> <a href=\"https:\/\/www.youtube.com\/watch?v=05YCqJJRb_g\" target=\"_blank\"><span style=\"color: #000000;\">h\u00e4r<\/span><\/a><\/strong><\/span><\/p>\n<p style=\"text-align: center;\">\u00a0<span style=\"color: #000000;\">Rapporten kan laddas ned &#8211; klicka\u00a0<strong><a href=\"http:\/\/www.forumeudebatt.se\/content\/uploads\/2014\/05\/Rapport-7-Anell-slutversion.pdf\" target=\"_blank\"><span style=\"color: #000000;\">h\u00e4r<\/span><\/a><\/strong><\/span><\/p>\n<p>\u00a0F\u00f6r att f\u00f6rst\u00e5 EU:s demokratiska \u201dunderskott\u201d m\u00e5ste vi framf\u00f6r allt studera den politiska processen inom unionen och dess konsekvenser f\u00f6r demokratin i medlemsstaterna, framh\u00e5ller Lars Anell. I flera fall v\u00e4ljer l\u00e4nder att avst\u00e5 fr\u00e5n full suver\u00e4nitet f\u00f6r att tillsammans med andra uppn\u00e5 n\u00e5got som annars inte varit m\u00f6jligt. EU:s inre marknad kunde komma till st\u00e5nd endast om deltagande l\u00e4nder skapade den tillsammans och fattade bindande majoritetsbeslut. Samtidigt har stats- och regeringscheferna i Europeiska r\u00e5det uttalat att unionen ska undvika att l\u00e4gga sig i fr\u00e5gor som r\u00e4tteligen h\u00f6r hemma p\u00e5 nationell eller lokal niv\u00e5.<\/p>\n<p>F\u00f6rfattarens tes \u00e4r att EU utvecklas just p\u00e5 det s\u00e4tt som stats- och regeringscheferna varnat f\u00f6r. Denna obevekliga utveckling mot \u201dmer Europa\u201d hotar att undergr\u00e4va demokratin p\u00e5 nationell niv\u00e5. Denna utveckling styrs av en politisk elit, det finns ingen legitim opposition som f\u00e5r komma till tals och det finns inget konstitutionellt hinder f\u00f6r hur l\u00e5ngt utvecklingen kan g\u00e5. Makt\u00f6verf\u00f6ringen till Bryssel m\u00e5ste st\u00e4llas under demokratisk kontroll och subsidiaritetsprincipen m\u00e5ste f\u00e5 en utformning som ger den r\u00e4ttslig b\u00e4rkraft. Den naturliga l\u00f6sningen \u00e4r flexibel integration \u2013 alla m\u00e5ste inte alltid vara med.<\/p>\n<p>Anells rapport diskuterades och kommenterades av Fredrik Sejersted och Sverker Gustavsson.<\/p>\n<p><span style=\"text-decoration: underline;\">Lars Anell<\/span>\u00a0\u00e4r ordf\u00f6rande, utsedd av regeringen, i Vetenskapsr\u00e5dets styrelse. Han har tidigare bl a varit Sveriges FN-ambassad\u00f6r i Gen\u00e8ve och ambassad\u00f6r vid EG. Lars Anell har bl a f\u00f6rfattat rapport nr 4 \u00a0i Forum f\u00f6r EU-debatts rapportserie \u2013 f\u00f6r mer information klicka\u00a0<strong><a href=\"http:\/\/www.forumeudebatt.se\/?p=520\" target=\"_blank\">h\u00e4r<\/a><\/strong>.<\/p>\n<p><span style=\"text-decoration: underline;\">Fredrik Sejersted<\/span>\u00a0\u00e4r norsk jurist och professor vid Oslo universitet. Sejersted har bl a varit verksam som jurist vid norska Regeringsadvokaten (motsvarar svenska Justitiekanslern). Mellan 2010-13 var Sejersted ordf\u00f6rande f\u00f6r den offentliga utredningen\u00a0<em>Europautredningen i Norge<\/em>\u00a0(Utvalget for utredning av Norges avtalet med EU) vars sammanfattning (p\u00e5 engelska) kan l\u00e4sas\u00a0<strong><a href=\"http:\/\/www.forumeudebatt.se\/content\/uploads\/2014\/04\/Europautredningen-NOU20122012.pdf\" target=\"_blank\">h\u00e4r<\/a><\/strong>.<\/p>\n<p><span style=\"text-decoration: underline;\">Sverker Gustavsson<\/span>, tidigare professor i statskunskap i Uppsala och under en period statssekreterare i Utbildningsdepartementet, forskar och deltar i debatten kring det europeiska unionsproblemet. Rapport nr 5 i Forum f\u00f6r EU-debatts rapportserie har skrivits av Gustavsson \u2013 f\u00f6r mer information klicka\u00a0<strong><a href=\"http:\/\/www.forumeudebatt.se\/?p=580\" target=\"_blank\">h\u00e4r<\/a>.<\/strong><\/p>\n","protected":false},"excerpt":{"rendered":"<p>&#8220;Democracy in Europe \u2013 An essay on the real democratic problem in the European Union&#8221; \u00e4r titeln p\u00e5 den rapport, nummer 7 i v\u00e5r serie av rapporter, som presenterades p\u00e5 ett seminarium den 5 maj i Stockholm. <\/p>\n<p>Anells rapport diskuterades och kommenterades av Fredrik Sejersted och Sverker Gustavsson.<\/p>\n<p>Det finns \u00e4ven m\u00f6jlighet att ladda ned rapporten och att se den inspelade videon fr\u00e5n seminariet.<\/p>\n","protected":false},"author":1,"featured_media":762,"comment_status":"open","ping_status":"open","sticky":false,"template":"","format":"standard","meta":{"_mi_skip_tracking":false},"categories":[1],"tags":[],"_links":{"self":[{"href":"https:\/\/www.forumeudebatt.se\/index.php?rest_route=\/wp\/v2\/posts\/764"}],"collection":[{"href":"https:\/\/www.forumeudebatt.se\/index.php?rest_route=\/wp\/v2\/posts"}],"about":[{"href":"https:\/\/www.forumeudebatt.se\/index.php?rest_route=\/wp\/v2\/types\/post"}],"author":[{"embeddable":true,"href":"https:\/\/www.forumeudebatt.se\/index.php?rest_route=\/wp\/v2\/users\/1"}],"replies":[{"embeddable":true,"href":"https:\/\/www.forumeudebatt.se\/index.php?rest_route=%2Fwp%2Fv2%2Fcomments&post=764"}],"version-history":[{"count":36,"href":"https:\/\/www.forumeudebatt.se\/index.php?rest_route=\/wp\/v2\/posts\/764\/revisions"}],"predecessor-version":[{"id":767,"href":"https:\/\/www.forumeudebatt.se\/index.php?rest_route=\/wp\/v2\/posts\/764\/revisions\/767"}],"wp:featuredmedia":[{"embeddable":true,"href":"https:\/\/www.forumeudebatt.se\/index.php?rest_route=\/wp\/v2\/media\/762"}],"wp:attachment":[{"href":"https:\/\/www.forumeudebatt.se\/index.php?rest_route=%2Fwp%2Fv2%2Fmedia&parent=764"}],"wp:term":[{"taxonomy":"category","embeddable":true,"href":"https:\/\/www.forumeudebatt.se\/index.php?rest_route=%2Fwp%2Fv2%2Fcategories&post=764"},{"taxonomy":"post_tag","embeddable":true,"href":"https:\/\/www.forumeudebatt.se\/index.php?rest_route=%2Fwp%2Fv2%2Ftags&post=764"}],"curies":[{"name":"wp","href":"https:\/\/api.w.org\/{rel}","templated":true}]}}