{"id":944,"date":"2014-10-27T10:20:33","date_gmt":"2014-10-27T10:20:33","guid":{"rendered":"http:\/\/www.forumeudebatt.se\/?p=944"},"modified":"2014-10-28T19:03:34","modified_gmt":"2014-10-28T19:03:34","slug":"ekonomisk-stagnation-och-politisk-oro-i-europa-2","status":"publish","type":"post","link":"https:\/\/www.forumeudebatt.se\/?p=944","title":{"rendered":"Ekonomisk stagnation och politisk oro i Europa"},"content":{"rendered":"<p style=\"text-align: center;\"><a href=\"http:\/\/www.forumeudebatt.se\/content\/uploads\/2014\/10\/session-1-141023_resize.jpg\"><img decoding=\"async\" loading=\"lazy\" class=\"wp-image-957 aligncenter\" alt=\"session 1 - 141023_resize\" src=\"http:\/\/www.forumeudebatt.se\/content\/uploads\/2014\/10\/session-1-141023_resize-1024x505.jpg\" width=\"645\" height=\"319\" srcset=\"https:\/\/www.forumeudebatt.se\/wp-content\/uploads\/2014\/10\/session-1-141023_resize-1024x505.jpg 1024w, https:\/\/www.forumeudebatt.se\/wp-content\/uploads\/2014\/10\/session-1-141023_resize-300x148.jpg 300w, https:\/\/www.forumeudebatt.se\/wp-content\/uploads\/2014\/10\/session-1-141023_resize.jpg 1499w\" sizes=\"(max-width: 645px) 100vw, 645px\" \/><\/a><\/p>\n<p>\u00a0Del 1 &#8211;\u00a0The economic and political situation\u00a0<em>Pieter Cleppe.<\/em>\u00a0Kommentatorer\u00a0<em>Anna Dahlberg <\/em>och<em> Jesper Bengtsson.\u00a0<\/em>F\u00f6r att se videon &#8211; <strong><a href=\"https:\/\/www.youtube.com\/watch?v=43EnbIn3CFk\" target=\"_blank\">klicka h\u00e4r<\/a><\/strong><\/p>\n<p>&nbsp;<\/p>\n<p style=\"text-align: center;\"><a href=\"http:\/\/www.forumeudebatt.se\/content\/uploads\/2014\/10\/session-2-141023_resize.jpg\"><img decoding=\"async\" loading=\"lazy\" class=\" wp-image-956 aligncenter\" alt=\"session 2 - 141023_resize\" src=\"http:\/\/www.forumeudebatt.se\/content\/uploads\/2014\/10\/session-2-141023_resize.jpg\" width=\"635\" height=\"354\" srcset=\"https:\/\/www.forumeudebatt.se\/wp-content\/uploads\/2014\/10\/session-2-141023_resize.jpg 907w, https:\/\/www.forumeudebatt.se\/wp-content\/uploads\/2014\/10\/session-2-141023_resize-300x167.jpg 300w\" sizes=\"(max-width: 635px) 100vw, 635px\" \/><\/a><\/p>\n<p>Del 2 -The current situation and prospects for the Eurozone\u00a0<em>Philippe Legrain<\/em>.\u00a0Kommentatorer\u00a0<em>Leif Pagrotsky,<\/em>\u00a0<em>Johanna Lybeck Lilja <\/em>och<em> Harry Flam.\u00a0<\/em>Concluding remarks<em>\u00a0Lars Anell.\u00a0<\/em>F\u00f6r att se videon &#8211;\u00a0<strong><a href=\"https:\/\/www.youtube.com\/watch?v=fQyMdgky9TU\" target=\"_blank\">klicka h\u00e4r<\/a><\/strong><\/p>\n<p>Johanna Lybeck Liljas (power point) presentation av EUs Bankunion finns tillg\u00e4nglig <strong><a href=\"http:\/\/www.forumeudebatt.se\/content\/uploads\/2014\/10\/Johanna-Lybeck-Lilja-ForumEUdebatt-23-okt-2014.pdf\" target=\"_blank\">h\u00e4r<\/a><\/strong> som pdf-fil.<\/p>\n<p>Seminariets moderator var <em>Michael Sohlman.<\/em><\/p>\n<p>Programmet f\u00f6r seminariet, som det annonserade p\u00e5 v\u00e5r hemsida, d\u00e4r ocks\u00e5 deltagande talare och kommentatorer presenteras \u00e4r tillg\u00e4ngligt <strong><a href=\"http:\/\/www.forumeudebatt.se\/content\/uploads\/2014\/10\/Forum-f%C3%B6r-EU-debatt-%C2%BB-Ekonomisk-stagnation-och-politisk-oro-i-Europa-20141023.pdf\">h\u00e4r<\/a><\/strong>.<\/p>\n","protected":false},"excerpt":{"rendered":"<p>Filmer fr\u00e5n v\u00e5rt seminarium kring problemen med den ekonomiska stagnationen och politiska oron i Europa samt hur dessa utmaningarna  skall m\u00f6tas,  den 23 oktober p\u00e5 Kungliga Myntkabinettet finns nu tillg\u00e4ngliga.<\/p>\n<p>Talare och kommentatorer var Pieter Cleppe, Philippe Legrain, Anna Dahlberg, Jesper Bengtsson, Leif Pagrotsky, Johanna Lybeck-Lilja, Harry Flam och Lars Anell. Moderator var Michael Sohlman och seminariet h\u00f6lls p\u00e5 engelska.<\/p>\n","protected":false},"author":1,"featured_media":870,"comment_status":"open","ping_status":"open","sticky":false,"template":"","format":"standard","meta":{"_mi_skip_tracking":false},"categories":[1],"tags":[],"_links":{"self":[{"href":"https:\/\/www.forumeudebatt.se\/index.php?rest_route=\/wp\/v2\/posts\/944"}],"collection":[{"href":"https:\/\/www.forumeudebatt.se\/index.php?rest_route=\/wp\/v2\/posts"}],"about":[{"href":"https:\/\/www.forumeudebatt.se\/index.php?rest_route=\/wp\/v2\/types\/post"}],"author":[{"embeddable":true,"href":"https:\/\/www.forumeudebatt.se\/index.php?rest_route=\/wp\/v2\/users\/1"}],"replies":[{"embeddable":true,"href":"https:\/\/www.forumeudebatt.se\/index.php?rest_route=%2Fwp%2Fv2%2Fcomments&post=944"}],"version-history":[{"count":23,"href":"https:\/\/www.forumeudebatt.se\/index.php?rest_route=\/wp\/v2\/posts\/944\/revisions"}],"predecessor-version":[{"id":946,"href":"https:\/\/www.forumeudebatt.se\/index.php?rest_route=\/wp\/v2\/posts\/944\/revisions\/946"}],"wp:featuredmedia":[{"embeddable":true,"href":"https:\/\/www.forumeudebatt.se\/index.php?rest_route=\/wp\/v2\/media\/870"}],"wp:attachment":[{"href":"https:\/\/www.forumeudebatt.se\/index.php?rest_route=%2Fwp%2Fv2%2Fmedia&parent=944"}],"wp:term":[{"taxonomy":"category","embeddable":true,"href":"https:\/\/www.forumeudebatt.se\/index.php?rest_route=%2Fwp%2Fv2%2Fcategories&post=944"},{"taxonomy":"post_tag","embeddable":true,"href":"https:\/\/www.forumeudebatt.se\/index.php?rest_route=%2Fwp%2Fv2%2Ftags&post=944"}],"curies":[{"name":"wp","href":"https:\/\/api.w.org\/{rel}","templated":true}]}}